{"id":2487,"date":"2024-07-02T09:17:00","date_gmt":"2024-07-02T09:17:00","guid":{"rendered":"http:\/\/lagumex.mx\/index\/?p=2487"},"modified":"2024-07-02T21:18:42","modified_gmt":"2024-07-02T21:18:42","slug":"ya-saliste-de-vacaciones-invitan-a-la-feria-de-empleo-verano-activo-conoce-los-detalles","status":"publish","type":"post","link":"https:\/\/lagumex.mx\/index\/gomez-palacio\/ya-saliste-de-vacaciones-invitan-a-la-feria-de-empleo-verano-activo-conoce-los-detalles\/","title":{"rendered":"\u00bfYa saliste de vacaciones? Invitan a la feria de empleo &#8216;Verano activo&#8217;: conoce los detalles"},"content":{"rendered":"\n<p>02 de julio de 2024 G\u00f3mez Palacio, Durango.- El gobierno de Esteban Villegas Villarreal, preocupado por el desarrollo de los j\u00f3venes, llevar\u00e1 a cabo este\u00a0<strong>mi\u00e9rcoles 3 de julio<\/strong>\u00a0a partir de las\u00a0<strong>9 de la ma\u00f1ana<\/strong>\u00a0en el\u00a0<strong>gimnasio municipal Luis L. Vargas de G\u00f3mez Palacio la Feria del Empleo \u201cVerano Activo\u201d.<\/strong><\/p>\n\n\n\n<p>Para este Feria del Empleo estar\u00e1n participando&nbsp;<strong>m\u00e1s de 20 empresas locales,<\/strong>&nbsp;las cuales ofertar\u00e1n&nbsp;<strong>350 vacantes de diversas profesiones para la temporada de vacacione<\/strong>s, en su mayor\u00eda.<\/p>\n","protected":false},"excerpt":{"rendered":"<p>02 de julio de 2024 G\u00f3mez Palacio, Durango.- El gobierno de Esteban Villegas Villarreal, preocupado por el desarrollo de los j\u00f3venes, llevar\u00e1 a cabo este\u00a0mi\u00e9rcoles 3 de julio\u00a0a partir de las\u00a09 de la ma\u00f1ana\u00a0en el\u00a0gimnasio municipal Luis L. Vargas de G\u00f3mez Palacio la Feria del Empleo \u201cVerano Activo\u201d. Para este Feria del Empleo estar\u00e1n participando&nbsp;m\u00e1s&#8230;<\/p>\n","protected":false},"author":1,"featured_media":2488,"comment_status":"open","ping_status":"open","sticky":false,"template":"","format":"standard","meta":{"footnotes":""},"categories":[12],"tags":[],"class_list":["post-2487","post","type-post","status-publish","format-standard","has-post-thumbnail","hentry","category-gomez-palacio"],"_links":{"self":[{"href":"https:\/\/lagumex.mx\/index\/wp-json\/wp\/v2\/posts\/2487","targetHints":{"allow":["GET"]}}],"collection":[{"href":"https:\/\/lagumex.mx\/index\/wp-json\/wp\/v2\/posts"}],"about":[{"href":"https:\/\/lagumex.mx\/index\/wp-json\/wp\/v2\/types\/post"}],"author":[{"embeddable":true,"href":"https:\/\/lagumex.mx\/index\/wp-json\/wp\/v2\/users\/1"}],"replies":[{"embeddable":true,"href":"https:\/\/lagumex.mx\/index\/wp-json\/wp\/v2\/comments?post=2487"}],"version-history":[{"count":1,"href":"https:\/\/lagumex.mx\/index\/wp-json\/wp\/v2\/posts\/2487\/revisions"}],"predecessor-version":[{"id":2489,"href":"https:\/\/lagumex.mx\/index\/wp-json\/wp\/v2\/posts\/2487\/revisions\/2489"}],"wp:featuredmedia":[{"embeddable":true,"href":"https:\/\/lagumex.mx\/index\/wp-json\/wp\/v2\/media\/2488"}],"wp:attachment":[{"href":"https:\/\/lagumex.mx\/index\/wp-json\/wp\/v2\/media?parent=2487"}],"wp:term":[{"taxonomy":"category","embeddable":true,"href":"https:\/\/lagumex.mx\/index\/wp-json\/wp\/v2\/categories?post=2487"},{"taxonomy":"post_tag","embeddable":true,"href":"https:\/\/lagumex.mx\/index\/wp-json\/wp\/v2\/tags?post=2487"}],"curies":[{"name":"wp","href":"https:\/\/api.w.org\/{rel}","templated":true}]}}