{"id":2465,"date":"2024-06-17T18:12:00","date_gmt":"2024-06-17T18:12:00","guid":{"rendered":"http:\/\/lagumex.mx\/index\/?p=2465"},"modified":"2024-07-02T18:13:26","modified_gmt":"2024-07-02T18:13:26","slug":"celebran-el-dia-del-padre-en-lerdo","status":"publish","type":"post","link":"https:\/\/lagumex.mx\/index\/lerdo\/celebran-el-dia-del-padre-en-lerdo\/","title":{"rendered":"Celebran el d\u00eda del Padre en Lerdo"},"content":{"rendered":"\n<p>17 de junio de 2024.- La direcci\u00f3n de Educaci\u00f3n en el Municipio de Lerdo, celebr\u00f3 el\u00a0<strong>d\u00eda del Padre<\/strong>\u00a0frente al\u00a0<strong>monumento en su honor\u00a0<\/strong>que se encuentra en la plazuela Benito Ju\u00e1rez, la ma\u00f1ana del domingo 16 de junio.<\/p>\n\n\n\n<p>El director de Educaci\u00f3n, Rom\u00e1n Herrera D\u00edaz, comparti\u00f3 que es instrucci\u00f3n del Presidente Municipal Homero Mart\u00ednez Cabrera conmemorar el rol del padre en la familia, quien\u00a0<strong>debe ser part\u00edcipe de la crianza, la estimulaci\u00f3n y del cuidado diario de los hijos e hijas.<\/strong> <\/p>\n\n\n\n<p>As\u00ed mismo, se\u00f1al\u00f3 que es instrucci\u00f3n del Alcalde de Lerdo implementar, a trav\u00e9s de las dependencias municipales, acciones y programas para garantizar la seguridad, salud y protecci\u00f3n de las familias; como tambi\u00e9n generar empleo para los ciudadanos, quienes deben<strong>&nbsp;llevar el sustento al hogar; y fortalecer el tejido social.<\/strong><\/p>\n\n\n\n<p>En este acto de celebraci\u00f3n, se cont\u00f3 con la participaci\u00f3n de la Banda&nbsp;<strong>Sinf\u00f3nica Infantil \u2013 Juvenil de Lerdo, con \u201cLas Ma\u00f1anitas\u201d a los padres presentes<\/strong>; la joven Yolanda Andrade interpret\u00f3 \u201cLos Laureles\u201d y \u201cHermoso Cari\u00f1o\u201d; y el ni\u00f1o Jared Casta\u00f1eda enton\u00f3 las melod\u00edas \u201cRegalo de Dios\u201d y \u201cSabes una cosa\u201d.<\/p>\n","protected":false},"excerpt":{"rendered":"<p>17 de junio de 2024.- La direcci\u00f3n de Educaci\u00f3n en el Municipio de Lerdo, celebr\u00f3 el\u00a0d\u00eda del Padre\u00a0frente al\u00a0monumento en su honor\u00a0que se encuentra en la plazuela Benito Ju\u00e1rez, la ma\u00f1ana del domingo 16 de junio. El director de Educaci\u00f3n, Rom\u00e1n Herrera D\u00edaz, comparti\u00f3 que es instrucci\u00f3n del Presidente Municipal Homero Mart\u00ednez Cabrera conmemorar el&#8230;<\/p>\n","protected":false},"author":1,"featured_media":2466,"comment_status":"open","ping_status":"open","sticky":false,"template":"","format":"standard","meta":{"footnotes":""},"categories":[3],"tags":[],"class_list":["post-2465","post","type-post","status-publish","format-standard","has-post-thumbnail","hentry","category-lerdo"],"_links":{"self":[{"href":"https:\/\/lagumex.mx\/index\/wp-json\/wp\/v2\/posts\/2465","targetHints":{"allow":["GET"]}}],"collection":[{"href":"https:\/\/lagumex.mx\/index\/wp-json\/wp\/v2\/posts"}],"about":[{"href":"https:\/\/lagumex.mx\/index\/wp-json\/wp\/v2\/types\/post"}],"author":[{"embeddable":true,"href":"https:\/\/lagumex.mx\/index\/wp-json\/wp\/v2\/users\/1"}],"replies":[{"embeddable":true,"href":"https:\/\/lagumex.mx\/index\/wp-json\/wp\/v2\/comments?post=2465"}],"version-history":[{"count":1,"href":"https:\/\/lagumex.mx\/index\/wp-json\/wp\/v2\/posts\/2465\/revisions"}],"predecessor-version":[{"id":2467,"href":"https:\/\/lagumex.mx\/index\/wp-json\/wp\/v2\/posts\/2465\/revisions\/2467"}],"wp:featuredmedia":[{"embeddable":true,"href":"https:\/\/lagumex.mx\/index\/wp-json\/wp\/v2\/media\/2466"}],"wp:attachment":[{"href":"https:\/\/lagumex.mx\/index\/wp-json\/wp\/v2\/media?parent=2465"}],"wp:term":[{"taxonomy":"category","embeddable":true,"href":"https:\/\/lagumex.mx\/index\/wp-json\/wp\/v2\/categories?post=2465"},{"taxonomy":"post_tag","embeddable":true,"href":"https:\/\/lagumex.mx\/index\/wp-json\/wp\/v2\/tags?post=2465"}],"curies":[{"name":"wp","href":"https:\/\/api.w.org\/{rel}","templated":true}]}}