{"id":2443,"date":"2024-06-14T14:30:09","date_gmt":"2024-06-14T14:30:09","guid":{"rendered":"http:\/\/lagumex.mx\/index\/?p=2443"},"modified":"2024-06-18T14:31:18","modified_gmt":"2024-06-18T14:31:18","slug":"esteban-pone-en-marcha-la-entrega-de-semilla-frijol-pinto-saltillo-para-productores-de-los-llanos","status":"publish","type":"post","link":"https:\/\/lagumex.mx\/index\/durango\/esteban-pone-en-marcha-la-entrega-de-semilla-frijol-pinto-saltillo-para-productores-de-los-llanos\/","title":{"rendered":"Esteban pone en marcha la entrega de semilla frijol pinto saltillo para productores de los Llanos"},"content":{"rendered":"\n<p>14 de junio de 2024. <strong><em>\u00c1lvaro Obreg\u00f3n, Guadalupe Victoria.-<\/em><\/strong> Para hacer frente a la falta de lluvias y fortalecer la econom\u00eda de las familias que viven del campo en Durango, el gobernador Esteban Villegas Villarreal puso en marcha un programa m\u00e1s del \u201cPlan Emergente Contra la Sequ\u00eda\u201d. Y es que comenz\u00f3 la entrega de semilla de frijol pinto saltillo para productores de Los Llanos, la cual, adquirir\u00e1n a muy bajo costo.<\/p>\n\n\n\n<p>\u201cEntre todos jalamos parejo para demostrar que el campo puede ser negocio\u201d, apunt\u00f3 el Mandatario al iniciar este programa en la comunidad de \u00c1lvaro Obreg\u00f3n del municipio de Guadalupe Victoria, en el que se dispersar\u00e1n mil toneladas de grano, para sembrar 33 mil hect\u00e1reas, con beneficio para mil 666 productores de los municipios de Guadalupe Victoria, Cuencam\u00e9, Poanas, P\u00e1nuco de Coronado, Pe\u00f1\u00f3n Blanco y Durango.<\/p>\n\n\n\n<p>\u201cYo s\u00e9 que estamos viviendo un momento complejo, una sequ\u00eda profunda, fuerte y que la \u00fanica forma es meti\u00e9ndole dinero al campo\u201d, dijo el titular del Ejecutivo Estatal al recordar que con apoyo de los diputados locales, este a\u00f1o se triplic\u00f3 el presupuesto para este rubro con 300 millones de pesos, con los que se est\u00e1n entregando semilla de avena, suplemento alimenticio para ganado y frijol, entre otras acciones como la construcci\u00f3n de bordos de abrevadero y presas de mamposter\u00eda para combatir la sequ\u00eda y mejorar la econom\u00eda de las familias.<\/p>\n\n\n\n<p>El alcalde de Guadalupe Victoria, David Ramos Zepeda, agradeci\u00f3 al Gobernador por llevar a los productores este gran programa, acci\u00f3n que se requiere en el campo ante la situaci\u00f3n tan complicada que se vive; \u201cno estamos solos, tenemos el respaldo Esteban Villegas, que est\u00e1 con nosotros apoy\u00e1ndonos con presupuesto y estoy seguro que los a\u00f1os que le quedan en su gobierno, siempre vamos a contar con \u00e9l\u201d, asegur\u00f3.<\/p>\n\n\n\n<p>El diputado local, Carmelo Fern\u00e1ndez Padilla, adem\u00e1s de reconocer la gesti\u00f3n del Mandatario Estatal para triplicar los recursos para el campo, refrend\u00f3 el acompa\u00f1amiento del Congreso del Estado para poner en marcha acciones en beneficio de los duranguenses; \u201cconocemos su estrategia de c\u00f3mo buscar las cosas y tenemos la confianza de que podr\u00e1 conseguir m\u00e1s frijol para productores\u201d, a\u00f1adi\u00f3.<\/p>\n\n\n\n<p>\u201cMa\u00edz, frijol, avena, bordos de abrevadero y todo lo que est\u00e1 invirtiendo en sanidad, solo lo hace en el pa\u00eds Esteban Villegas\u201d, expres\u00f3 el presidente de la Uni\u00f3n Ganadera Regional de Durango, Rogelio Soto al agradecer el apoyo que los ganaderos y agricultores reciben del Gobierno Estatal.<\/p>\n\n\n\n<p>A nombre de los beneficiarios, Aimara Moreno, reconoci\u00f3 la sensibilidad, visi\u00f3n, disposici\u00f3n y solidaridad de Villegas Villarreal, para impulsar el desarrollo en el estado; \u201cgobernador, agradezco su compromiso y apoyo en estos momentos de necesidad, gracias por realizar esta entrega a tiempo, un proyecto sustentable para nuestras comunidades\u201d, concluy\u00f3.<\/p>\n","protected":false},"excerpt":{"rendered":"<p>14 de junio de 2024. \u00c1lvaro Obreg\u00f3n, Guadalupe Victoria.- Para hacer frente a la falta de lluvias y fortalecer la econom\u00eda de las familias que viven del campo en Durango, el gobernador Esteban Villegas Villarreal puso en marcha un programa m\u00e1s del \u201cPlan Emergente Contra la Sequ\u00eda\u201d. Y es que comenz\u00f3 la entrega de semilla&#8230;<\/p>\n","protected":false},"author":1,"featured_media":2444,"comment_status":"open","ping_status":"open","sticky":false,"template":"","format":"standard","meta":{"footnotes":""},"categories":[1],"tags":[],"class_list":["post-2443","post","type-post","status-publish","format-standard","has-post-thumbnail","hentry","category-durango"],"_links":{"self":[{"href":"https:\/\/lagumex.mx\/index\/wp-json\/wp\/v2\/posts\/2443","targetHints":{"allow":["GET"]}}],"collection":[{"href":"https:\/\/lagumex.mx\/index\/wp-json\/wp\/v2\/posts"}],"about":[{"href":"https:\/\/lagumex.mx\/index\/wp-json\/wp\/v2\/types\/post"}],"author":[{"embeddable":true,"href":"https:\/\/lagumex.mx\/index\/wp-json\/wp\/v2\/users\/1"}],"replies":[{"embeddable":true,"href":"https:\/\/lagumex.mx\/index\/wp-json\/wp\/v2\/comments?post=2443"}],"version-history":[{"count":1,"href":"https:\/\/lagumex.mx\/index\/wp-json\/wp\/v2\/posts\/2443\/revisions"}],"predecessor-version":[{"id":2445,"href":"https:\/\/lagumex.mx\/index\/wp-json\/wp\/v2\/posts\/2443\/revisions\/2445"}],"wp:featuredmedia":[{"embeddable":true,"href":"https:\/\/lagumex.mx\/index\/wp-json\/wp\/v2\/media\/2444"}],"wp:attachment":[{"href":"https:\/\/lagumex.mx\/index\/wp-json\/wp\/v2\/media?parent=2443"}],"wp:term":[{"taxonomy":"category","embeddable":true,"href":"https:\/\/lagumex.mx\/index\/wp-json\/wp\/v2\/categories?post=2443"},{"taxonomy":"post_tag","embeddable":true,"href":"https:\/\/lagumex.mx\/index\/wp-json\/wp\/v2\/tags?post=2443"}],"curies":[{"name":"wp","href":"https:\/\/api.w.org\/{rel}","templated":true}]}}