{"id":2440,"date":"2024-06-13T14:28:45","date_gmt":"2024-06-13T14:28:45","guid":{"rendered":"http:\/\/lagumex.mx\/index\/?p=2440"},"modified":"2024-06-18T14:30:06","modified_gmt":"2024-06-18T14:30:06","slug":"vendra-amlo-a-traer-buenas-noticias-para-durango-en-proximos-dias-adelanta-gobernador-esteban","status":"publish","type":"post","link":"https:\/\/lagumex.mx\/index\/durango\/vendra-amlo-a-traer-buenas-noticias-para-durango-en-proximos-dias-adelanta-gobernador-esteban\/","title":{"rendered":"Vendr\u00e1 AMLO a traer buenas noticias para Durango en pr\u00f3ximos d\u00edas, adelanta gobernador Esteban"},"content":{"rendered":"\n<p>13 de junio de 2024.- \u201cEn pr\u00f3ximos d\u00edas viene el Presidente de la Rep\u00fablica a Durango para revisar temas como la Planta Potabilizadora en la capital, as\u00ed como el proyecto de Agua Saludable en la Laguna\u201d, adelant\u00f3 el gobernador Esteban Villegas Villarreal en gira de trabajo por el municipio de G\u00f3mez Palacio, y quien consider\u00f3 que traer\u00e1 buenas noticias para las familias duranguenses en materia hidr\u00e1ulica.<\/p>\n\n\n\n<p>Al referirse a la Planta Potabilizadora, el Mandatario Estatal, asegur\u00f3 que es una excelente obra la que se est\u00e1 haciendo, por ello, espera que en esta pr\u00f3xima visita a la entidad, el presidente Andr\u00e9s Manuel L\u00f3pez Obrador verifique de primera mano, el avance que se lleva.<\/p>\n\n\n\n<p>En entrevista con medios de comunicaci\u00f3n, anticip\u00f3 que le solicitar\u00e1 a la Federaci\u00f3n el recurso que requieren los municipios en materia de infraestructura hidr\u00e1ulica, ya que \u00e9ste fue un compromiso que hizo AMLO: autorizar el presupuesto para arreglar las l\u00edneas de conducci\u00f3n de agua en diversas localidades.<\/p>\n\n\n\n<p>Cabe recordar que, en d\u00edas anteriores el Mandatario Federal&nbsp; anunci\u00f3 su visita a Durango, como parte de su recorrido en el pa\u00eds e inform\u00f3 que adem\u00e1s de constar el proyecto Agua Saludable para La Laguna y la Planta Potabiliza, se abordar\u00e1 temas como las carreteras Tayoltita-San Ignacio y Los Herrera-Tamazula, as\u00ed como los programas de Bienestar y el Plan de Justicia para Pueblos Ind\u00edgenas.<\/p>\n","protected":false},"excerpt":{"rendered":"<p>13 de junio de 2024.- \u201cEn pr\u00f3ximos d\u00edas viene el Presidente de la Rep\u00fablica a Durango para revisar temas como la Planta Potabilizadora en la capital, as\u00ed como el proyecto de Agua Saludable en la Laguna\u201d, adelant\u00f3 el gobernador Esteban Villegas Villarreal en gira de trabajo por el municipio de G\u00f3mez Palacio, y quien consider\u00f3&#8230;<\/p>\n","protected":false},"author":1,"featured_media":2441,"comment_status":"open","ping_status":"open","sticky":false,"template":"","format":"standard","meta":{"footnotes":""},"categories":[1],"tags":[],"class_list":["post-2440","post","type-post","status-publish","format-standard","has-post-thumbnail","hentry","category-durango"],"_links":{"self":[{"href":"https:\/\/lagumex.mx\/index\/wp-json\/wp\/v2\/posts\/2440","targetHints":{"allow":["GET"]}}],"collection":[{"href":"https:\/\/lagumex.mx\/index\/wp-json\/wp\/v2\/posts"}],"about":[{"href":"https:\/\/lagumex.mx\/index\/wp-json\/wp\/v2\/types\/post"}],"author":[{"embeddable":true,"href":"https:\/\/lagumex.mx\/index\/wp-json\/wp\/v2\/users\/1"}],"replies":[{"embeddable":true,"href":"https:\/\/lagumex.mx\/index\/wp-json\/wp\/v2\/comments?post=2440"}],"version-history":[{"count":1,"href":"https:\/\/lagumex.mx\/index\/wp-json\/wp\/v2\/posts\/2440\/revisions"}],"predecessor-version":[{"id":2442,"href":"https:\/\/lagumex.mx\/index\/wp-json\/wp\/v2\/posts\/2440\/revisions\/2442"}],"wp:featuredmedia":[{"embeddable":true,"href":"https:\/\/lagumex.mx\/index\/wp-json\/wp\/v2\/media\/2441"}],"wp:attachment":[{"href":"https:\/\/lagumex.mx\/index\/wp-json\/wp\/v2\/media?parent=2440"}],"wp:term":[{"taxonomy":"category","embeddable":true,"href":"https:\/\/lagumex.mx\/index\/wp-json\/wp\/v2\/categories?post=2440"},{"taxonomy":"post_tag","embeddable":true,"href":"https:\/\/lagumex.mx\/index\/wp-json\/wp\/v2\/tags?post=2440"}],"curies":[{"name":"wp","href":"https:\/\/api.w.org\/{rel}","templated":true}]}}