{"id":2437,"date":"2024-06-12T14:27:27","date_gmt":"2024-06-12T14:27:27","guid":{"rendered":"http:\/\/lagumex.mx\/index\/?p=2437"},"modified":"2024-06-18T14:28:44","modified_gmt":"2024-06-18T14:28:44","slug":"regresan-esteban-y-lety-la-movilidad-a-gomez-palacio-con-paso-inferior-vehicular-5-de-mayo-queda-libre-de-embotellamientos-por-paso-del-tren","status":"publish","type":"post","link":"https:\/\/lagumex.mx\/index\/durango\/regresan-esteban-y-lety-la-movilidad-a-gomez-palacio-con-paso-inferior-vehicular-5-de-mayo-queda-libre-de-embotellamientos-por-paso-del-tren\/","title":{"rendered":"Regresan Esteban y Lety la movilidad a G\u00f3mez Palacio con Paso Inferior Vehicular \u201c5 de Mayo\u201d; queda libre de embotellamientos por paso del tren"},"content":{"rendered":"\n<p>12  de junio de 2024. <strong>G\u00f3mez Palacio, Dgo.-<\/strong> \u201cYa est\u00e1 funcionando el Paso Inferior Vehicular \u201c5 de Mayo\u201d, solo le falta un 10 por ciento, pero era necesario abrirlo para una mejor atenci\u00f3n a la gente, en un mes estar\u00e1 concluido, lo dejaremos bien y bonito\u201d, expres\u00f3 el gobernador Esteban Villegas Villarreal, al supervisar junto a la presidenta municipal, Lety Herrera el avance de esta obra con la que regresa la movilidad despu\u00e9s de dos a\u00f1os en pausa.<\/p>\n\n\n\n<p>Este proyecto representa una inversi\u00f3n de m\u00e1s de 115 millones de pesos y al momento lleva un avance del 92 por ciento; los faltantes son el paso peatonal, ciclista, iluminaci\u00f3n y detalles en las 170 columnas que tiene el Puente, as\u00ed como el c\u00e1rcamo de bombeo, para que cuando llegan las lluvias no se inunde, detall\u00f3 Villegas Villarreal.&nbsp;<\/p>\n\n\n\n<p>Con la apertura del PIV quedan resueltos de manera total y definitiva los problemas de embotellamiento que se generaba varias veces al d\u00eda,&nbsp; por el paso del tren, lo cual era una exigencia ciudadana, sobre todo de los habitantes de la zona y comerciantes, quienes por mucho tiempo sufrieron las consecuencias sociales y econ\u00f3micas de esta obra, pr\u00e1cticamente olvidada por el sexenio anterior.<\/p>\n\n\n\n<p>El Mandatario explic\u00f3 que la obra a\u00fan est\u00e1 en proceso, por lo que la circulaci\u00f3n se interrumpir\u00e1 brevemente en algunos momentos para continuar con los trabajos.<\/p>\n\n\n\n<p>Al felicitar a Esteban por el gran avance del Puente Inferior, la presidenta de G\u00f3mez Palacio, Leticia Herrera destac\u00f3 la importancia de esta obra para los gomezpalatinos, pues ya no se tendr\u00e1n embotellamientos y ahora contar\u00e1n con un espacio digno y fluido para transitar.<\/p>\n\n\n\n<p>Vecinos del sector, m\u00e1s de 40 comerciantes y peque\u00f1os emprendedores, se mostraron satisfechos de la apertura de dicha v\u00eda, ya que con ello, se devuelve la esperanza de que sus establecimientos recuperen sus ventas y eleven el consumo de la zona.<\/p>\n\n\n\n<p>Aunque las interrupciones ser\u00e1n intermitentes, todo es con el fin de que se concluya al cien por ciento la obra y los gomezpalatinos puedan disfrutar de una vialidad que agilice sus traslados.<\/p>\n\n\n\n<p>Cabe mencionar que el Paso Inferior Vehicular de la calle 5 de Mayo, tiene una longitud de punta a punta de 240 metros lineales, una altura que permite paso de veh\u00edculos de hasta 5.15 metros; sobre la avenida Enrique Unzueta, el flujo ser\u00e1\u0301 continuo en ambos sentidos gracias a la apertura de dos carriles.<\/p>\n","protected":false},"excerpt":{"rendered":"<p>12 de junio de 2024. G\u00f3mez Palacio, Dgo.- \u201cYa est\u00e1 funcionando el Paso Inferior Vehicular \u201c5 de Mayo\u201d, solo le falta un 10 por ciento, pero era necesario abrirlo para una mejor atenci\u00f3n a la gente, en un mes estar\u00e1 concluido, lo dejaremos bien y bonito\u201d, expres\u00f3 el gobernador Esteban Villegas Villarreal, al supervisar junto&#8230;<\/p>\n","protected":false},"author":1,"featured_media":2438,"comment_status":"open","ping_status":"open","sticky":false,"template":"","format":"standard","meta":{"footnotes":""},"categories":[1,12],"tags":[],"class_list":["post-2437","post","type-post","status-publish","format-standard","has-post-thumbnail","hentry","category-durango","category-gomez-palacio"],"_links":{"self":[{"href":"https:\/\/lagumex.mx\/index\/wp-json\/wp\/v2\/posts\/2437","targetHints":{"allow":["GET"]}}],"collection":[{"href":"https:\/\/lagumex.mx\/index\/wp-json\/wp\/v2\/posts"}],"about":[{"href":"https:\/\/lagumex.mx\/index\/wp-json\/wp\/v2\/types\/post"}],"author":[{"embeddable":true,"href":"https:\/\/lagumex.mx\/index\/wp-json\/wp\/v2\/users\/1"}],"replies":[{"embeddable":true,"href":"https:\/\/lagumex.mx\/index\/wp-json\/wp\/v2\/comments?post=2437"}],"version-history":[{"count":1,"href":"https:\/\/lagumex.mx\/index\/wp-json\/wp\/v2\/posts\/2437\/revisions"}],"predecessor-version":[{"id":2439,"href":"https:\/\/lagumex.mx\/index\/wp-json\/wp\/v2\/posts\/2437\/revisions\/2439"}],"wp:featuredmedia":[{"embeddable":true,"href":"https:\/\/lagumex.mx\/index\/wp-json\/wp\/v2\/media\/2438"}],"wp:attachment":[{"href":"https:\/\/lagumex.mx\/index\/wp-json\/wp\/v2\/media?parent=2437"}],"wp:term":[{"taxonomy":"category","embeddable":true,"href":"https:\/\/lagumex.mx\/index\/wp-json\/wp\/v2\/categories?post=2437"},{"taxonomy":"post_tag","embeddable":true,"href":"https:\/\/lagumex.mx\/index\/wp-json\/wp\/v2\/tags?post=2437"}],"curies":[{"name":"wp","href":"https:\/\/api.w.org\/{rel}","templated":true}]}}