{"id":2425,"date":"2024-06-08T14:21:49","date_gmt":"2024-06-08T14:21:49","guid":{"rendered":"http:\/\/lagumex.mx\/index\/?p=2425"},"modified":"2024-06-18T14:23:16","modified_gmt":"2024-06-18T14:23:16","slug":"reconoce-esteban-profesionalismo-de-comunicadores-para-transmitir-logros-de-su-gobierno-en-favor-de-durango","status":"publish","type":"post","link":"https:\/\/lagumex.mx\/index\/durango\/reconoce-esteban-profesionalismo-de-comunicadores-para-transmitir-logros-de-su-gobierno-en-favor-de-durango\/","title":{"rendered":"Reconoce Esteban profesionalismo de comunicadores para transmitir logros de su gobierno en favor de Durango"},"content":{"rendered":"\n<p>08 de junio de 2024.- \u201dUstedes registrar\u00e1n para la historia, lo que suceder\u00e1 este 2024, el a\u00f1o de Durango: V\u00edctor Hugo Hern\u00e1ndez, director de Comunicaci\u00f3n Social.<\/p>\n\n\n\n<p>\u201cGracias a ustedes tenemos la oportunidad de comunicar y transmitir a la gente lo que hacemos en el Gobierno Estatal en favor de Durango, reconozco su profesionalismo, capacidad y el tiempo que brindan para informar todos los d\u00edas\u201d, les expres\u00f3 el gobernador Esteban Villegas Villarreal, a medios de comunicaci\u00f3n al conmemorar el D\u00eda de la Libertad de Expresi\u00f3n.<\/p>\n\n\n\n<p>El Mandatario Estatal refrend\u00f3 su respaldo y compromiso para que desde su gobierno se siga reflejando un ambiente de tranquilidad y armon\u00eda, para que los comunicadores duranguenses sigan informando con toda libertad&nbsp; y respeto a los Derechos Humanos.<\/p>\n\n\n\n<p>&nbsp;\u201cAgradezco que nos permitan tener esa comunicaci\u00f3n directa con ustedes y sus medios, para avanzar juntos, que el estado crezca y est\u00e9 cada vez mejor, porque si a Durango le va bien, a todos nos va bien; que vivan los medios de comunicaci\u00f3n\u201d, exclam\u00f3 el Ejecutivo Estatal.<\/p>\n\n\n\n<p>Hoy celebramos el D\u00eda de la Libertad de Expresi\u00f3n y de Prensa, y ustedes han sido testigos de c\u00f3mo, poco a poco va avanzando el estado en mejorar su econom\u00eda, salud, educaci\u00f3n, y seguridad; en 20 a\u00f1os, ser\u00e1n ustedes con orgullo los que registren para la historia, con sus plumas, teclados, micr\u00f3fonos, c\u00e1maras y transmisiones, lo que sucedi\u00f3 en Durango en el 2024, expres\u00f3 el titular de la Direcci\u00f3n de Comunicaci\u00f3n Social, V\u00edctor Hern\u00e1ndez Fuentes al felicitar a los comunicadores.<\/p>\n\n\n\n<p>\u201cEn el gobernador Esteban y en nosotros, tienen aliados que&nbsp; respetar\u00e1n siempre el derecho a la Libertad de Expresi\u00f3n\u201d, apunt\u00f3.<\/p>\n\n\n\n<p>Cabe destacar que en esta amena convivencia con los comunicadores, fungieron como invitados de honor, la presidenta del DIF estatal, Marisol Rosso Rivera, as\u00ed como el destacado periodista Jorge Zarza.<\/p>\n","protected":false},"excerpt":{"rendered":"<p>08 de junio de 2024.- \u201dUstedes registrar\u00e1n para la historia, lo que suceder\u00e1 este 2024, el a\u00f1o de Durango: V\u00edctor Hugo Hern\u00e1ndez, director de Comunicaci\u00f3n Social. \u201cGracias a ustedes tenemos la oportunidad de comunicar y transmitir a la gente lo que hacemos en el Gobierno Estatal en favor de Durango, reconozco su profesionalismo, capacidad y&#8230;<\/p>\n","protected":false},"author":1,"featured_media":2426,"comment_status":"open","ping_status":"open","sticky":false,"template":"","format":"standard","meta":{"footnotes":""},"categories":[1],"tags":[],"class_list":["post-2425","post","type-post","status-publish","format-standard","has-post-thumbnail","hentry","category-durango"],"_links":{"self":[{"href":"https:\/\/lagumex.mx\/index\/wp-json\/wp\/v2\/posts\/2425","targetHints":{"allow":["GET"]}}],"collection":[{"href":"https:\/\/lagumex.mx\/index\/wp-json\/wp\/v2\/posts"}],"about":[{"href":"https:\/\/lagumex.mx\/index\/wp-json\/wp\/v2\/types\/post"}],"author":[{"embeddable":true,"href":"https:\/\/lagumex.mx\/index\/wp-json\/wp\/v2\/users\/1"}],"replies":[{"embeddable":true,"href":"https:\/\/lagumex.mx\/index\/wp-json\/wp\/v2\/comments?post=2425"}],"version-history":[{"count":1,"href":"https:\/\/lagumex.mx\/index\/wp-json\/wp\/v2\/posts\/2425\/revisions"}],"predecessor-version":[{"id":2427,"href":"https:\/\/lagumex.mx\/index\/wp-json\/wp\/v2\/posts\/2425\/revisions\/2427"}],"wp:featuredmedia":[{"embeddable":true,"href":"https:\/\/lagumex.mx\/index\/wp-json\/wp\/v2\/media\/2426"}],"wp:attachment":[{"href":"https:\/\/lagumex.mx\/index\/wp-json\/wp\/v2\/media?parent=2425"}],"wp:term":[{"taxonomy":"category","embeddable":true,"href":"https:\/\/lagumex.mx\/index\/wp-json\/wp\/v2\/categories?post=2425"},{"taxonomy":"post_tag","embeddable":true,"href":"https:\/\/lagumex.mx\/index\/wp-json\/wp\/v2\/tags?post=2425"}],"curies":[{"name":"wp","href":"https:\/\/api.w.org\/{rel}","templated":true}]}}