{"id":2413,"date":"2024-06-07T17:42:57","date_gmt":"2024-06-07T17:42:57","guid":{"rendered":"http:\/\/lagumex.mx\/index\/?p=2413"},"modified":"2024-06-16T17:44:06","modified_gmt":"2024-06-16T17:44:06","slug":"en-lerdo-rinden-tributo-a-francisco-sarabia-por-85-aniversario-luctuoso","status":"publish","type":"post","link":"https:\/\/lagumex.mx\/index\/lerdo\/en-lerdo-rinden-tributo-a-francisco-sarabia-por-85-aniversario-luctuoso\/","title":{"rendered":"En Lerdo, rinden tributo a Francisco Sarabia por 85 aniversario luctuoso"},"content":{"rendered":"\n<p>El Municipio de Lerdo rindi\u00f3 homenaje al&nbsp;<strong>Capit\u00e1n Piloto Aviador Francisco Sarabia Tinoco<\/strong>, por su 85\u00b0 aniversario luctuoso, frente al monumento a su honor, que se encuentra sobre el&nbsp;<strong>bulevar Miguel Alem\u00e1n y avenida Matamoros.<\/strong><\/p>\n\n\n\n<p>Los funcionarios del Ayuntamiento de Lerdo marcharon por la avenida Sarabia, escoltados por una unidad de Vialidad, la banda de guerra y la escolta con bandera del\u00a0<strong>Instituto Tecnol\u00f3gico Superior de Lerdo, hasta llegar al Museo Internacional del C.P.A. Francisco Sarabia.\u00a0<\/strong>La Escuela Primaria Francisco Sarabia tambi\u00e9n particip\u00f3 en esta caminata.\u201cEn este d\u00eda tan especial nos reunimos para honrar la memoria de un h\u00e9roe nacional, cuyo legado contin\u00faa inspir\u00e1ndonos a todos, no solo fue un pionero de la aviaci\u00f3n, sino un s\u00edmbolo de valent\u00eda, determinaci\u00f3n y servicio a la patria\u201d<strong>\u00a0record\u00f3 su sacrificio y contribuci\u00f3n a la historia de M\u00e9xico.<\/strong><\/p>\n","protected":false},"excerpt":{"rendered":"<p>El Municipio de Lerdo rindi\u00f3 homenaje al&nbsp;Capit\u00e1n Piloto Aviador Francisco Sarabia Tinoco, por su 85\u00b0 aniversario luctuoso, frente al monumento a su honor, que se encuentra sobre el&nbsp;bulevar Miguel Alem\u00e1n y avenida Matamoros. Los funcionarios del Ayuntamiento de Lerdo marcharon por la avenida Sarabia, escoltados por una unidad de Vialidad, la banda de guerra y&#8230;<\/p>\n","protected":false},"author":1,"featured_media":2414,"comment_status":"open","ping_status":"open","sticky":false,"template":"","format":"standard","meta":{"footnotes":""},"categories":[3],"tags":[],"class_list":["post-2413","post","type-post","status-publish","format-standard","has-post-thumbnail","hentry","category-lerdo"],"_links":{"self":[{"href":"https:\/\/lagumex.mx\/index\/wp-json\/wp\/v2\/posts\/2413","targetHints":{"allow":["GET"]}}],"collection":[{"href":"https:\/\/lagumex.mx\/index\/wp-json\/wp\/v2\/posts"}],"about":[{"href":"https:\/\/lagumex.mx\/index\/wp-json\/wp\/v2\/types\/post"}],"author":[{"embeddable":true,"href":"https:\/\/lagumex.mx\/index\/wp-json\/wp\/v2\/users\/1"}],"replies":[{"embeddable":true,"href":"https:\/\/lagumex.mx\/index\/wp-json\/wp\/v2\/comments?post=2413"}],"version-history":[{"count":1,"href":"https:\/\/lagumex.mx\/index\/wp-json\/wp\/v2\/posts\/2413\/revisions"}],"predecessor-version":[{"id":2415,"href":"https:\/\/lagumex.mx\/index\/wp-json\/wp\/v2\/posts\/2413\/revisions\/2415"}],"wp:featuredmedia":[{"embeddable":true,"href":"https:\/\/lagumex.mx\/index\/wp-json\/wp\/v2\/media\/2414"}],"wp:attachment":[{"href":"https:\/\/lagumex.mx\/index\/wp-json\/wp\/v2\/media?parent=2413"}],"wp:term":[{"taxonomy":"category","embeddable":true,"href":"https:\/\/lagumex.mx\/index\/wp-json\/wp\/v2\/categories?post=2413"},{"taxonomy":"post_tag","embeddable":true,"href":"https:\/\/lagumex.mx\/index\/wp-json\/wp\/v2\/tags?post=2413"}],"curies":[{"name":"wp","href":"https:\/\/api.w.org\/{rel}","templated":true}]}}