{"id":2411,"date":"2024-06-08T17:42:17","date_gmt":"2024-06-08T17:42:17","guid":{"rendered":"http:\/\/lagumex.mx\/index\/?p=2411"},"modified":"2024-06-16T17:42:56","modified_gmt":"2024-06-16T17:42:56","slug":"recibe-dif-denuncias-sobre-casos-de-violencia-abandono-y-omision-de-cuidados","status":"publish","type":"post","link":"https:\/\/lagumex.mx\/index\/gomez-palacio\/recibe-dif-denuncias-sobre-casos-de-violencia-abandono-y-omision-de-cuidados\/","title":{"rendered":"Recibe DIF denuncias sobre casos de violencia, abandono y omisi\u00f3n de cuidados"},"content":{"rendered":"\n<p>08 de junio de 2024.- El Sistema para el Desarrollo Integral de la Familia (DIF), de G\u00f3mez Palacio exhorta a la ciudadan\u00eda, a denunciar casos de violencia, abandono, omisi\u00f3n de cuidados que pudieran poner en riesgo a ni\u00f1os, ni\u00f1as, adolescentes y adultos mayores.<\/p>\n\n\n\n<p>Maribel Campos Dom\u00ednguez, encargada de la Oficina del DIF, agradeci\u00f3 a la ciudadan\u00eda su apoyo para reportar estos casos y de manera particular la omisi\u00f3n de cuidados en menores de edad, que es lo que m\u00e1s se registra diariamente en esta ciudad.<\/p>\n","protected":false},"excerpt":{"rendered":"<p>08 de junio de 2024.- El Sistema para el Desarrollo Integral de la Familia (DIF), de G\u00f3mez Palacio exhorta a la ciudadan\u00eda, a denunciar casos de violencia, abandono, omisi\u00f3n de cuidados que pudieran poner en riesgo a ni\u00f1os, ni\u00f1as, adolescentes y adultos mayores. Maribel Campos Dom\u00ednguez, encargada de la Oficina del DIF, agradeci\u00f3 a la&#8230;<\/p>\n","protected":false},"author":1,"featured_media":0,"comment_status":"open","ping_status":"open","sticky":false,"template":"","format":"standard","meta":{"footnotes":""},"categories":[12],"tags":[],"class_list":["post-2411","post","type-post","status-publish","format-standard","hentry","category-gomez-palacio"],"_links":{"self":[{"href":"https:\/\/lagumex.mx\/index\/wp-json\/wp\/v2\/posts\/2411","targetHints":{"allow":["GET"]}}],"collection":[{"href":"https:\/\/lagumex.mx\/index\/wp-json\/wp\/v2\/posts"}],"about":[{"href":"https:\/\/lagumex.mx\/index\/wp-json\/wp\/v2\/types\/post"}],"author":[{"embeddable":true,"href":"https:\/\/lagumex.mx\/index\/wp-json\/wp\/v2\/users\/1"}],"replies":[{"embeddable":true,"href":"https:\/\/lagumex.mx\/index\/wp-json\/wp\/v2\/comments?post=2411"}],"version-history":[{"count":1,"href":"https:\/\/lagumex.mx\/index\/wp-json\/wp\/v2\/posts\/2411\/revisions"}],"predecessor-version":[{"id":2412,"href":"https:\/\/lagumex.mx\/index\/wp-json\/wp\/v2\/posts\/2411\/revisions\/2412"}],"wp:attachment":[{"href":"https:\/\/lagumex.mx\/index\/wp-json\/wp\/v2\/media?parent=2411"}],"wp:term":[{"taxonomy":"category","embeddable":true,"href":"https:\/\/lagumex.mx\/index\/wp-json\/wp\/v2\/categories?post=2411"},{"taxonomy":"post_tag","embeddable":true,"href":"https:\/\/lagumex.mx\/index\/wp-json\/wp\/v2\/tags?post=2411"}],"curies":[{"name":"wp","href":"https:\/\/api.w.org\/{rel}","templated":true}]}}