{"id":2408,"date":"2024-06-09T17:41:04","date_gmt":"2024-06-09T17:41:04","guid":{"rendered":"http:\/\/lagumex.mx\/index\/?p=2408"},"modified":"2024-06-16T17:42:16","modified_gmt":"2024-06-16T17:42:16","slug":"supervisa-alcalde-construccion-del-domo-y-cancha-en-alvaro-obregon","status":"publish","type":"post","link":"https:\/\/lagumex.mx\/index\/lerdo\/supervisa-alcalde-construccion-del-domo-y-cancha-en-alvaro-obregon\/","title":{"rendered":"Supervisa Alcalde construcci\u00f3n del domo y cancha en \u00c1lvaro Obreg\u00f3n"},"content":{"rendered":"\n<p>09 de junio de 2024. El\u00a0<strong>Alcalde Homero Mart\u00ednez Cabrera visit\u00f3 el ejido \u00c1lvaro Obreg\u00f3n<\/strong>\u00a0con el objetivo de supervisar los<strong>\u00a0avances en los trabajos de construcci\u00f3n del domo p\u00fablico y la cancha de usos m\u00faltiples<\/strong>. Este proyecto tiene como finalidad fortalecer el tejido social brindando espacios adecuados para una sana convivencia.<\/p>\n\n\n\n<p>\u00abCon estas acciones estaremos dotando de espacios de esparcimiento y de calidad a los habitantes de esta localidad del Municipio, para que puedan realizar\u00a0<strong>actividades sociales y deportivas\u00a0<\/strong>de manera segura\u00bb, afirm\u00f3 el edil. El Presidente Municipal subray\u00f3 la importancia de estas obras, que incluye tanto el domo como la cancha, situados a un costado de la plaza de la comunidad. E<strong>ste nuevo espacio p\u00fablico no solo enriquecer\u00e1 el patrimonio de la localidad<\/strong>, sino que tambi\u00e9n brindar\u00e1 un lugar de calidad para el disfrute y el desarrollo de los habitantes del ejido \u00c1lvaro Obreg\u00f3n.<\/p>\n","protected":false},"excerpt":{"rendered":"<p>09 de junio de 2024. El\u00a0Alcalde Homero Mart\u00ednez Cabrera visit\u00f3 el ejido \u00c1lvaro Obreg\u00f3n\u00a0con el objetivo de supervisar los\u00a0avances en los trabajos de construcci\u00f3n del domo p\u00fablico y la cancha de usos m\u00faltiples. Este proyecto tiene como finalidad fortalecer el tejido social brindando espacios adecuados para una sana convivencia. \u00abCon estas acciones estaremos dotando de&#8230;<\/p>\n","protected":false},"author":1,"featured_media":2409,"comment_status":"open","ping_status":"open","sticky":false,"template":"","format":"standard","meta":{"footnotes":""},"categories":[3],"tags":[],"class_list":["post-2408","post","type-post","status-publish","format-standard","has-post-thumbnail","hentry","category-lerdo"],"_links":{"self":[{"href":"https:\/\/lagumex.mx\/index\/wp-json\/wp\/v2\/posts\/2408","targetHints":{"allow":["GET"]}}],"collection":[{"href":"https:\/\/lagumex.mx\/index\/wp-json\/wp\/v2\/posts"}],"about":[{"href":"https:\/\/lagumex.mx\/index\/wp-json\/wp\/v2\/types\/post"}],"author":[{"embeddable":true,"href":"https:\/\/lagumex.mx\/index\/wp-json\/wp\/v2\/users\/1"}],"replies":[{"embeddable":true,"href":"https:\/\/lagumex.mx\/index\/wp-json\/wp\/v2\/comments?post=2408"}],"version-history":[{"count":1,"href":"https:\/\/lagumex.mx\/index\/wp-json\/wp\/v2\/posts\/2408\/revisions"}],"predecessor-version":[{"id":2410,"href":"https:\/\/lagumex.mx\/index\/wp-json\/wp\/v2\/posts\/2408\/revisions\/2410"}],"wp:featuredmedia":[{"embeddable":true,"href":"https:\/\/lagumex.mx\/index\/wp-json\/wp\/v2\/media\/2409"}],"wp:attachment":[{"href":"https:\/\/lagumex.mx\/index\/wp-json\/wp\/v2\/media?parent=2408"}],"wp:term":[{"taxonomy":"category","embeddable":true,"href":"https:\/\/lagumex.mx\/index\/wp-json\/wp\/v2\/categories?post=2408"},{"taxonomy":"post_tag","embeddable":true,"href":"https:\/\/lagumex.mx\/index\/wp-json\/wp\/v2\/tags?post=2408"}],"curies":[{"name":"wp","href":"https:\/\/api.w.org\/{rel}","templated":true}]}}