{"id":2406,"date":"2024-06-10T17:40:08","date_gmt":"2024-06-10T17:40:08","guid":{"rendered":"http:\/\/lagumex.mx\/index\/?p=2406"},"modified":"2024-06-16T17:41:03","modified_gmt":"2024-06-16T17:41:03","slug":"anuncian-la-feria-del-empleo-en-lerdo-conoce-las-empresas-que-estan-contratando","status":"publish","type":"post","link":"https:\/\/lagumex.mx\/index\/lerdo\/anuncian-la-feria-del-empleo-en-lerdo-conoce-las-empresas-que-estan-contratando\/","title":{"rendered":"Anuncian la Feria del Empleo en Lerdo: conoce las empresas que est\u00e1n contratando"},"content":{"rendered":"\n<p>10 de junio de 2024.- Siguiendo las indicaciones del\u00a0<strong>Presidente Municipal, Homero Mart\u00ednez Cabrera<\/strong>, la direcci\u00f3n de Fomento Econ\u00f3mico, a trav\u00e9s del departamento de Bolsa de Trabajo, anunci\u00f3 que el martes 25 de junio en el domo del Parque Victoria, se realizar\u00e1 la\u00a0<strong>\u00abFeria de Empleo 2024\u00bb<\/strong>, en un horario de 9:00 a 14:00 horas, y tendr\u00e1 como empresas a Carta blanca, Al s\u00faper, Lala, Cribissa, La Esmeralda, Del Sol, Constructora Domin, Pe\u00f1afiel y Yura, entre otras.<\/p>\n\n\n\n<p><strong>Jes\u00fas Mario Castrill\u00f3n, director de Fomento Econ\u00f3mico<\/strong>, coment\u00f3 que el Alcalde Homero Mart\u00ednez ha girado instrucciones para la realizaci\u00f3n de este macro evento, y as\u00ed, extender las oportunidades laborales a los ciudadanos lerdenses, buscadores de empleo, siendo esta la segunda feria del empleo en realizarse durante la actual administraci\u00f3n. Por su parte, la<strong>\u00a0jefa del departamento de Bolsa de Trabajo<\/strong>,<strong>\u00a0Yuri Palacios<\/strong>, inform\u00f3 que en esta edici\u00f3n\u00a0<strong>participar\u00e1n 55 empresas de la Comarca Lagunera<\/strong>, como Yura, ofreciendo aproximadamente 1,500 vacantes. Se invita a todos los interesados a asistir con varias copias de su solicitud de empleo o curr\u00edculum vitae debidamente elaborados, para postularse en las empresas de su preferencia.<\/p>\n","protected":false},"excerpt":{"rendered":"<p>10 de junio de 2024.- Siguiendo las indicaciones del\u00a0Presidente Municipal, Homero Mart\u00ednez Cabrera, la direcci\u00f3n de Fomento Econ\u00f3mico, a trav\u00e9s del departamento de Bolsa de Trabajo, anunci\u00f3 que el martes 25 de junio en el domo del Parque Victoria, se realizar\u00e1 la\u00a0\u00abFeria de Empleo 2024\u00bb, en un horario de 9:00 a 14:00 horas, y tendr\u00e1&#8230;<\/p>\n","protected":false},"author":1,"featured_media":0,"comment_status":"open","ping_status":"open","sticky":false,"template":"","format":"standard","meta":{"footnotes":""},"categories":[3],"tags":[],"class_list":["post-2406","post","type-post","status-publish","format-standard","hentry","category-lerdo"],"_links":{"self":[{"href":"https:\/\/lagumex.mx\/index\/wp-json\/wp\/v2\/posts\/2406","targetHints":{"allow":["GET"]}}],"collection":[{"href":"https:\/\/lagumex.mx\/index\/wp-json\/wp\/v2\/posts"}],"about":[{"href":"https:\/\/lagumex.mx\/index\/wp-json\/wp\/v2\/types\/post"}],"author":[{"embeddable":true,"href":"https:\/\/lagumex.mx\/index\/wp-json\/wp\/v2\/users\/1"}],"replies":[{"embeddable":true,"href":"https:\/\/lagumex.mx\/index\/wp-json\/wp\/v2\/comments?post=2406"}],"version-history":[{"count":1,"href":"https:\/\/lagumex.mx\/index\/wp-json\/wp\/v2\/posts\/2406\/revisions"}],"predecessor-version":[{"id":2407,"href":"https:\/\/lagumex.mx\/index\/wp-json\/wp\/v2\/posts\/2406\/revisions\/2407"}],"wp:attachment":[{"href":"https:\/\/lagumex.mx\/index\/wp-json\/wp\/v2\/media?parent=2406"}],"wp:term":[{"taxonomy":"category","embeddable":true,"href":"https:\/\/lagumex.mx\/index\/wp-json\/wp\/v2\/categories?post=2406"},{"taxonomy":"post_tag","embeddable":true,"href":"https:\/\/lagumex.mx\/index\/wp-json\/wp\/v2\/tags?post=2406"}],"curies":[{"name":"wp","href":"https:\/\/api.w.org\/{rel}","templated":true}]}}