{"id":2394,"date":"2024-06-13T17:33:23","date_gmt":"2024-06-13T17:33:23","guid":{"rendered":"http:\/\/lagumex.mx\/index\/?p=2394"},"modified":"2024-06-16T17:34:42","modified_gmt":"2024-06-16T17:34:42","slug":"pide-congreso-mayor-subsidio-para-semilla-de-frijol","status":"publish","type":"post","link":"https:\/\/lagumex.mx\/index\/uncategorized\/congreso-de-durango\/pide-congreso-mayor-subsidio-para-semilla-de-frijol\/","title":{"rendered":"Pide Congreso mayor subsidio para semilla de frijol"},"content":{"rendered":"\n<p>13 de junio de 2024.- Diputada Sandra Amaya reconoce respaldo del gobierno federal a trav\u00e9s del programa \u201cSemilla Certificada de Frijol 2024\u201d<\/p>\n\n\n\n<p>Por unanimidad, la Comisi\u00f3n Permanente del Congreso del Estado aprob\u00f3 exhort\u00f3 exhorta a los titulares de las secretar\u00edas de Agricultura y Desarrollo Rural del gobierno federal y de Finanzas del Estado, para subsidien con m\u00e1s recursos el programa \u201cSemilla Certificada de Frijol 2024\u201d, esto con el objetivo de que el precio para el productor sea m\u00e1s accesible.<\/p>\n\n\n\n<p>Lo anterior, a propuesta del punto de acuerdo que realiz\u00f3 la presidenta de la Junta de Gobierno y Coordinaci\u00f3n Pol\u00edtica, Sandra Amaya Rosales denominado \u201cSemilla Certificada de Frijol 2024\u201d, para que Durango tambi\u00e9n le entre al subsidio de la semilla certificada de frijol del gobierno federal, para que el productor no pague 25 pesos, si no solo la mitad, al igual que lo hacen todos los estados beneficiarios de este programa.<\/p>\n\n\n\n<p>\u201cSon 300 toneladas las que recibir\u00eda Durango, lo que refleja una inversi\u00f3n total de siete millones y medio de pesos entre productor y estado, estamos solicitando que se destine un recurso de tres millones 750 mil pesos a la Sagder, con el objetivo de que el productor duranguense pueda acceder al programa federal con 12.5 pesos por kilo, como se hace en las dem\u00e1s entidades\u201d, precis\u00f3.<\/p>\n\n\n\n<p>A nombre del Grupo Parlamentario del PAN, Diana Valeria Barraza Casta\u00f1eda, consider\u00f3 que con fen\u00f3menos como \u201cEl Ni\u00f1o\u201d, el campo ha quedado devastado, por lo que se necesita la colaboraci\u00f3n del sector privado para inversi\u00f3n en tecnolog\u00eda; tambi\u00e9n hizo un llamado para que se apoye con m\u00e1s recurso al campo duranguense.<\/p>\n\n\n\n<p>Al proponer una modificaci\u00f3n, el diputado J. Carmen Fern\u00e1ndez afirm\u00f3 que las 300 toneladas de frijol subsidiado son insuficientes; adem\u00e1s, es muy riesgoso meterse con semilla certificada, ya que deben de ir acompa\u00f1ados con un seguimiento t\u00e9cnico, se est\u00e1 a destiempo y las condiciones del clima no han sido las adecuadas. Deben de ser mil toneladas de frijol y el Gobierno del Estado debe estar involucrado tambi\u00e9n.<\/p>\n\n\n\n<p>En su intervenci\u00f3n, el coordinador del Grupo Parlamentario del PRI, Ricardo L\u00f3pez Pescador, afirm\u00f3 que despu\u00e9s de la desaparici\u00f3n de la Conasupo, no se ha apoyado lo suficiente a los campesinos. \u201cEs importante destinar m\u00e1s recurso al campo, no solo con semilla de frijol\u201d, resalt\u00f3.<\/p>\n","protected":false},"excerpt":{"rendered":"<p>13 de junio de 2024.- Diputada Sandra Amaya reconoce respaldo del gobierno federal a trav\u00e9s del programa \u201cSemilla Certificada de Frijol 2024\u201d Por unanimidad, la Comisi\u00f3n Permanente del Congreso del Estado aprob\u00f3 exhort\u00f3 exhorta a los titulares de las secretar\u00edas de Agricultura y Desarrollo Rural del gobierno federal y de Finanzas del Estado, para subsidien&#8230;<\/p>\n","protected":false},"author":1,"featured_media":2395,"comment_status":"open","ping_status":"open","sticky":false,"template":"","format":"standard","meta":{"footnotes":""},"categories":[13],"tags":[],"class_list":["post-2394","post","type-post","status-publish","format-standard","has-post-thumbnail","hentry","category-congreso-de-durango"],"_links":{"self":[{"href":"https:\/\/lagumex.mx\/index\/wp-json\/wp\/v2\/posts\/2394","targetHints":{"allow":["GET"]}}],"collection":[{"href":"https:\/\/lagumex.mx\/index\/wp-json\/wp\/v2\/posts"}],"about":[{"href":"https:\/\/lagumex.mx\/index\/wp-json\/wp\/v2\/types\/post"}],"author":[{"embeddable":true,"href":"https:\/\/lagumex.mx\/index\/wp-json\/wp\/v2\/users\/1"}],"replies":[{"embeddable":true,"href":"https:\/\/lagumex.mx\/index\/wp-json\/wp\/v2\/comments?post=2394"}],"version-history":[{"count":1,"href":"https:\/\/lagumex.mx\/index\/wp-json\/wp\/v2\/posts\/2394\/revisions"}],"predecessor-version":[{"id":2396,"href":"https:\/\/lagumex.mx\/index\/wp-json\/wp\/v2\/posts\/2394\/revisions\/2396"}],"wp:featuredmedia":[{"embeddable":true,"href":"https:\/\/lagumex.mx\/index\/wp-json\/wp\/v2\/media\/2395"}],"wp:attachment":[{"href":"https:\/\/lagumex.mx\/index\/wp-json\/wp\/v2\/media?parent=2394"}],"wp:term":[{"taxonomy":"category","embeddable":true,"href":"https:\/\/lagumex.mx\/index\/wp-json\/wp\/v2\/categories?post=2394"},{"taxonomy":"post_tag","embeddable":true,"href":"https:\/\/lagumex.mx\/index\/wp-json\/wp\/v2\/tags?post=2394"}],"curies":[{"name":"wp","href":"https:\/\/api.w.org\/{rel}","templated":true}]}}