{"id":2388,"date":"2024-06-12T17:25:50","date_gmt":"2024-06-12T17:25:50","guid":{"rendered":"http:\/\/lagumex.mx\/index\/?p=2388"},"modified":"2024-06-16T17:27:13","modified_gmt":"2024-06-16T17:27:13","slug":"deteccion-temprana-del-cancer-de-prostata-es-crucial-para-su-tratamiento-vero-perez","status":"publish","type":"post","link":"https:\/\/lagumex.mx\/index\/uncategorized\/congreso-de-durango\/deteccion-temprana-del-cancer-de-prostata-es-crucial-para-su-tratamiento-vero-perez\/","title":{"rendered":"Detecci\u00f3n temprana del c\u00e1ncer de pr\u00f3stata es crucial para su tratamiento: Vero P\u00e9rez"},"content":{"rendered":"\n<p>12 de junio de 2024.-La Dip. Del GP del PAN, hace un llamado a los hombres a realizarse chequeos preventivos y regulares<\/p>\n\n\n\n<p>El c\u00e1ncer de pr\u00f3stata es curable si se diagnostica a tiempo. Para lograrlo, es de vital importancia que la poblaci\u00f3n masculina acuda a efectuarse chequeos prost\u00e1ticos preventivos y regulares, afirm\u00f3 la diputada y presidenta de la Comisi\u00f3n de Salud del Congreso del Estado, Ver\u00f3nica P\u00e9rez Herrera.<\/p>\n\n\n\n<p>En la conmemoraci\u00f3n del D\u00eda Nacional de la Lucha contra el C\u00e1ncer de Pr\u00f3stata, la legisladora coment\u00f3 que se busca concientizar a los hombres mayores de 40 a\u00f1os sobre esta enfermedad y sus causas, invit\u00e1ndolos a acudir a una cl\u00ednica para realizarse los estudios correspondientes anualmente para su detecci\u00f3n temprana.<\/p>\n\n\n\n<p>Durante su intervenci\u00f3n, record\u00f3 que el Grupo Parlamentario del PAN ha impulsado diversas iniciativas en el Congreso del Estado en materia de atenci\u00f3n al c\u00e1ncer. \u201cSomos impulsores de las reformas a la Ley de Salud del Estado, para incluir el c\u00e1ncer de pr\u00f3stata entre los padecimientos sujetos a programas y acciones de salubridad local en materia de atenci\u00f3n y prevenci\u00f3n oportuna\u201d, resalt\u00f3 la presidenta de la Comisi\u00f3n de Salud.<\/p>\n\n\n\n<p>Al realizar un pronunciamiento, inform\u00f3 que el c\u00e1ncer de pr\u00f3stata es un tumor maligno que crece fuera de control en la gl\u00e1ndula prost\u00e1tica. A nivel mundial, es la causa m\u00e1s frecuente de mortalidad en los varones y afecta a m\u00e1s de 1,2 millones de personas en el mundo. En M\u00e9xico, cada a\u00f1o mueren alrededor de siete mil personas debido a esta enfermedad.<\/p>\n\n\n\n<p>Durante la sesi\u00f3n de la Comisi\u00f3n Permanente, detall\u00f3 que este padecimiento es de lento crecimiento, no presenta s\u00edntomas en etapas tempranas y su diagn\u00f3stico es m\u00e1s com\u00fan en hombres mayores de 65 a\u00f1os; sin embargo, el riesgo de desarrollar este c\u00e1ncer aumenta con la edad.<\/p>\n\n\n\n<p>\u201cSi esta enfermedad es diagnosticada de manera temprana y es tratada en sus etapas iniciales, es curable en el 85 por ciento de los casos\u201d, subray\u00f3 al recomendar adoptar h\u00e1bitos de vida m\u00e1s saludables como evitar el consumo de alcohol, cigarrillos y otras sustancias nocivas, hacer ejercicio regularmente para desechar toxinas, as\u00ed como prevenir la obesidad y el sobrepeso.<\/p>\n\n\n\n<p>Adem\u00e1s, exhort\u00f3 a cuidar la alimentaci\u00f3n, incrementando el consumo de prote\u00ednas, verduras, frutas y vegetales, y disminuir el consumo de harinas, carnes rojas, sal y az\u00facares.<br>Finalmente, consider\u00f3 que el Poder Legislativo debe continuar legislando para generar acciones y pol\u00edticas p\u00fablicas en materia de atenci\u00f3n del c\u00e1ncer, particularmente a favor de quienes menos tienen.<\/p>\n","protected":false},"excerpt":{"rendered":"<p>12 de junio de 2024.-La Dip. Del GP del PAN, hace un llamado a los hombres a realizarse chequeos preventivos y regulares El c\u00e1ncer de pr\u00f3stata es curable si se diagnostica a tiempo. Para lograrlo, es de vital importancia que la poblaci\u00f3n masculina acuda a efectuarse chequeos prost\u00e1ticos preventivos y regulares, afirm\u00f3 la diputada y&#8230;<\/p>\n","protected":false},"author":1,"featured_media":2389,"comment_status":"open","ping_status":"open","sticky":false,"template":"","format":"standard","meta":{"footnotes":""},"categories":[13],"tags":[],"class_list":["post-2388","post","type-post","status-publish","format-standard","has-post-thumbnail","hentry","category-congreso-de-durango"],"_links":{"self":[{"href":"https:\/\/lagumex.mx\/index\/wp-json\/wp\/v2\/posts\/2388","targetHints":{"allow":["GET"]}}],"collection":[{"href":"https:\/\/lagumex.mx\/index\/wp-json\/wp\/v2\/posts"}],"about":[{"href":"https:\/\/lagumex.mx\/index\/wp-json\/wp\/v2\/types\/post"}],"author":[{"embeddable":true,"href":"https:\/\/lagumex.mx\/index\/wp-json\/wp\/v2\/users\/1"}],"replies":[{"embeddable":true,"href":"https:\/\/lagumex.mx\/index\/wp-json\/wp\/v2\/comments?post=2388"}],"version-history":[{"count":1,"href":"https:\/\/lagumex.mx\/index\/wp-json\/wp\/v2\/posts\/2388\/revisions"}],"predecessor-version":[{"id":2390,"href":"https:\/\/lagumex.mx\/index\/wp-json\/wp\/v2\/posts\/2388\/revisions\/2390"}],"wp:featuredmedia":[{"embeddable":true,"href":"https:\/\/lagumex.mx\/index\/wp-json\/wp\/v2\/media\/2389"}],"wp:attachment":[{"href":"https:\/\/lagumex.mx\/index\/wp-json\/wp\/v2\/media?parent=2388"}],"wp:term":[{"taxonomy":"category","embeddable":true,"href":"https:\/\/lagumex.mx\/index\/wp-json\/wp\/v2\/categories?post=2388"},{"taxonomy":"post_tag","embeddable":true,"href":"https:\/\/lagumex.mx\/index\/wp-json\/wp\/v2\/tags?post=2388"}],"curies":[{"name":"wp","href":"https:\/\/api.w.org\/{rel}","templated":true}]}}