{"id":2373,"date":"2024-06-04T02:56:00","date_gmt":"2024-06-04T02:56:00","guid":{"rendered":"http:\/\/lagumex.mx\/index\/?p=2373"},"modified":"2024-06-04T14:57:41","modified_gmt":"2024-06-04T14:57:41","slug":"santos-trabajo-de-nueva-cuenta-en-tsm","status":"publish","type":"post","link":"https:\/\/lagumex.mx\/index\/sports\/santos-trabajo-de-nueva-cuenta-en-tsm\/","title":{"rendered":"Santos trabaj\u00f3 de nueva cuenta en TSM"},"content":{"rendered":"\n<p>04 de junio de 2024.- Torre\u00f3n, Coahuila.- De regreso en la Comarca Lagunera, luego de trabajar durante pr\u00e1cticamente dos semanas en el Complejo La Cruz, ubicado en Allende, Nuevo Le\u00f3n, a partir de este lunes el Primer Equipo de Santos Laguna continu\u00f3 la Pretemporada Guerrera en Territorio Santos Modelo.<\/p>\n\n\n\n<p>Los futbolistas albiverdes acudieron a las 17:00 horas a su cuartel general, comenzando la jornada con trabajo preventivo en gimnasio, para posteriormente realizar actividades en cancha, bajo las \u00f3rdenes del director t\u00e9cnico \u201cNacho\u201d Ambriz.<\/p>\n\n\n\n<p>Luego de esta primera pr\u00e1ctica, los Guerreros trabajar\u00e1n a doble sesi\u00f3n los d\u00edas martes, jueves y viernes en Territorio Santos Modelo.<\/p>\n\n\n\n<p>Durante esta semana, los Guerreros tienen programados dos partidos de preparaci\u00f3n en TSM. El primero de ellos frente a Mazatl\u00e1n FC Sub 23, a jugarse este mi\u00e9rcoles a las 8:00 horas, mientras que el segundo ser\u00e1 ante Santos Laguna Sub 23, el s\u00e1bado a las 7:00 horas.<\/p>\n\n\n\n<p>Hasta el momento, Santos Laguna solo ha hecho oficial la llegada del zaguero peruano Anderson Santamar\u00eda, esper\u00e1ndose todav\u00eda la incorporaci\u00f3n de al menos 3 refuerzos m\u00e1s, todos estos de caracter\u00edsticas ofensivas, comenzando con la posici\u00f3n de centro delantero, de la cual adoleci\u00f3 el cuadro albiverde el torneo pasado al quedarse sin su goleador Harold Preciado.<\/p>\n\n\n\n<h2 class=\"wp-block-heading\"><strong>PROGRAMACI\u00d3N SEMANAL<\/strong><\/h2>\n\n\n\n<p>La programaci\u00f3n santista para la presente semana es la siguiente:<\/p>\n\n\n\n<p>Lunes 3 | Entrenamiento a las 18:00 horas en Territorio Santos Modelo.<\/p>\n\n\n\n<p>Martes 4 | Entrenamientos a las 7:00 y 18:00 horas en Territorio Santos Modelo.<\/p>\n\n\n\n<p>Mi\u00e9rcoles 5 | Partido vs. Mazatl\u00e1n Sub 23 a las 8:00 horas en Territorio Santos Modelo.<\/p>\n\n\n\n<p>Jueves 6 | Entrenamientos a las 7:00 y 18:00 horas en Territorio Santos Modelo.<\/p>\n\n\n\n<p>Viernes 7 | Entrenamientos a las 7:00 y 18:00 horas en Territorio Santos Modelo.<\/p>\n\n\n\n<p>S\u00e1bado 8 | Partido vs. Santos Laguna Sub 23 a las 7:00 horas en Territorio Santos Modelo.<\/p>\n\n\n\n<p>Domingo 9 | Libre.<\/p>\n\n\n\n<h2 class=\"wp-block-heading\"><strong>D. MEDINA JUGAR\u00c1 TORNEO EN FRANCIA<\/strong><\/h2>\n\n\n\n<p>El canterano santista, Diego Medina, se declar\u00f3 listo para defender la camiseta de la Selecci\u00f3n Mexicana Sub 23, en la aventura de una nueva edici\u00f3n del Torneo Maurice Revello, prestigioso certamen juvenil que se disputa anualmente en Francia.<\/p>\n\n\n\n<p>Instalada en el Grupo A, la escuadra azteca dirigida por Ricardo Cadena, se medir\u00e1 a los representativos de Francia (5 de junio), Arabia Saudita (7 de junio), Costa de Marfil (9 de junio) y Corea del Sur (11 de junio), buscando finalizar como l\u00edder de su sector para avanzar a la Final del torneo.<\/p>\n\n\n\n<p>En el pasado Clausura 2024, Diego disput\u00f3 14 compromisos, en los que acumul\u00f3 m\u00e1s de mil minutos de juego, destacando dentro del plantel albiverde como el futbolista con mayor cantidad de centros acertados por derecha, y el segundo con m\u00e1s pases acertados en el \u00faltimo cuarto de cancha.<\/p>\n","protected":false},"excerpt":{"rendered":"<p>04 de junio de 2024.- Torre\u00f3n, Coahuila.- De regreso en la Comarca Lagunera, luego de trabajar durante pr\u00e1cticamente dos semanas en el Complejo La Cruz, ubicado en Allende, Nuevo Le\u00f3n, a partir de este lunes el Primer Equipo de Santos Laguna continu\u00f3 la Pretemporada Guerrera en Territorio Santos Modelo. Los futbolistas albiverdes acudieron a las&#8230;<\/p>\n","protected":false},"author":1,"featured_media":2374,"comment_status":"open","ping_status":"open","sticky":false,"template":"","format":"standard","meta":{"footnotes":""},"categories":[4],"tags":[],"class_list":["post-2373","post","type-post","status-publish","format-standard","has-post-thumbnail","hentry","category-sports"],"_links":{"self":[{"href":"https:\/\/lagumex.mx\/index\/wp-json\/wp\/v2\/posts\/2373","targetHints":{"allow":["GET"]}}],"collection":[{"href":"https:\/\/lagumex.mx\/index\/wp-json\/wp\/v2\/posts"}],"about":[{"href":"https:\/\/lagumex.mx\/index\/wp-json\/wp\/v2\/types\/post"}],"author":[{"embeddable":true,"href":"https:\/\/lagumex.mx\/index\/wp-json\/wp\/v2\/users\/1"}],"replies":[{"embeddable":true,"href":"https:\/\/lagumex.mx\/index\/wp-json\/wp\/v2\/comments?post=2373"}],"version-history":[{"count":1,"href":"https:\/\/lagumex.mx\/index\/wp-json\/wp\/v2\/posts\/2373\/revisions"}],"predecessor-version":[{"id":2375,"href":"https:\/\/lagumex.mx\/index\/wp-json\/wp\/v2\/posts\/2373\/revisions\/2375"}],"wp:featuredmedia":[{"embeddable":true,"href":"https:\/\/lagumex.mx\/index\/wp-json\/wp\/v2\/media\/2374"}],"wp:attachment":[{"href":"https:\/\/lagumex.mx\/index\/wp-json\/wp\/v2\/media?parent=2373"}],"wp:term":[{"taxonomy":"category","embeddable":true,"href":"https:\/\/lagumex.mx\/index\/wp-json\/wp\/v2\/categories?post=2373"},{"taxonomy":"post_tag","embeddable":true,"href":"https:\/\/lagumex.mx\/index\/wp-json\/wp\/v2\/tags?post=2373"}],"curies":[{"name":"wp","href":"https:\/\/api.w.org\/{rel}","templated":true}]}}