{"id":2370,"date":"2024-06-04T02:55:00","date_gmt":"2024-06-04T02:55:00","guid":{"rendered":"http:\/\/lagumex.mx\/index\/?p=2370"},"modified":"2024-06-04T14:56:12","modified_gmt":"2024-06-04T14:56:12","slug":"llevaran-la-historia-de-torreon-a-comunidad-de-sordos","status":"publish","type":"post","link":"https:\/\/lagumex.mx\/index\/espectaculos\/llevaran-la-historia-de-torreon-a-comunidad-de-sordos\/","title":{"rendered":"Llevar\u00e1n la historia de Torre\u00f3n a comunidad de sordos"},"content":{"rendered":"\n<p>04 de junio de 2024.- Torre\u00f3n, Coahuila.- A trav\u00e9s del lenguaje de se\u00f1as, el\u00a0<strong>Dr. Jes\u00fas Gerardo Sotomayor Garza, Cronista de la ciudad<\/strong>, llevar\u00e1 la\u00a0<strong>historia de Torre\u00f3n a la comunidad de sordos\u00a0<\/strong>que forma parte del Instituto Lagunero de Audici\u00f3n y Lenguaje, para lo cual\u00a0<strong>se apoyar\u00e1 en Ana Sof\u00eda Oviedo Garc\u00eda como int\u00e9rprete<\/strong>, continuando con esta importante labor de hablar a las nuevas generaciones todo lo relacionado al origen del lugar donde vivimos.<\/p>\n\n\n\n<p>\u201cVamos a visitar el pr\u00f3ximo viernes el Instituto Lagunero de Audici\u00f3n y Lenguaje,<strong>&nbsp;vamos a llevar la historia de Torre\u00f3n a los ni\u00f1os que son atendidos en esta asociaci\u00f3n<\/strong>, para eso me va a acompa\u00f1ar Ana Sof\u00eda Oviedo Garc\u00eda, quien es int\u00e9rprete y se va a encargar de transmitir a trav\u00e9s de se\u00f1as a los menores todo lo que vaya hablando, tambi\u00e9n les vamos a entregar el c\u00f3mic que tanto ha gustado, en el que se muestra con im\u00e1genes a personajes que han sido muy importantes en la historia de nuestra ciudad\u201d, precis\u00f3 el Dr. Sotomayor Garza.<\/p>\n","protected":false},"excerpt":{"rendered":"<p>04 de junio de 2024.- Torre\u00f3n, Coahuila.- A trav\u00e9s del lenguaje de se\u00f1as, el\u00a0Dr. Jes\u00fas Gerardo Sotomayor Garza, Cronista de la ciudad, llevar\u00e1 la\u00a0historia de Torre\u00f3n a la comunidad de sordos\u00a0que forma parte del Instituto Lagunero de Audici\u00f3n y Lenguaje, para lo cual\u00a0se apoyar\u00e1 en Ana Sof\u00eda Oviedo Garc\u00eda como int\u00e9rprete, continuando con esta importante&#8230;<\/p>\n","protected":false},"author":1,"featured_media":2371,"comment_status":"open","ping_status":"open","sticky":false,"template":"","format":"standard","meta":{"footnotes":""},"categories":[5],"tags":[],"class_list":["post-2370","post","type-post","status-publish","format-standard","has-post-thumbnail","hentry","category-espectaculos"],"_links":{"self":[{"href":"https:\/\/lagumex.mx\/index\/wp-json\/wp\/v2\/posts\/2370","targetHints":{"allow":["GET"]}}],"collection":[{"href":"https:\/\/lagumex.mx\/index\/wp-json\/wp\/v2\/posts"}],"about":[{"href":"https:\/\/lagumex.mx\/index\/wp-json\/wp\/v2\/types\/post"}],"author":[{"embeddable":true,"href":"https:\/\/lagumex.mx\/index\/wp-json\/wp\/v2\/users\/1"}],"replies":[{"embeddable":true,"href":"https:\/\/lagumex.mx\/index\/wp-json\/wp\/v2\/comments?post=2370"}],"version-history":[{"count":1,"href":"https:\/\/lagumex.mx\/index\/wp-json\/wp\/v2\/posts\/2370\/revisions"}],"predecessor-version":[{"id":2372,"href":"https:\/\/lagumex.mx\/index\/wp-json\/wp\/v2\/posts\/2370\/revisions\/2372"}],"wp:featuredmedia":[{"embeddable":true,"href":"https:\/\/lagumex.mx\/index\/wp-json\/wp\/v2\/media\/2371"}],"wp:attachment":[{"href":"https:\/\/lagumex.mx\/index\/wp-json\/wp\/v2\/media?parent=2370"}],"wp:term":[{"taxonomy":"category","embeddable":true,"href":"https:\/\/lagumex.mx\/index\/wp-json\/wp\/v2\/categories?post=2370"},{"taxonomy":"post_tag","embeddable":true,"href":"https:\/\/lagumex.mx\/index\/wp-json\/wp\/v2\/tags?post=2370"}],"curies":[{"name":"wp","href":"https:\/\/api.w.org\/{rel}","templated":true}]}}