{"id":2367,"date":"2024-06-03T14:52:58","date_gmt":"2024-06-03T14:52:58","guid":{"rendered":"http:\/\/lagumex.mx\/index\/?p=2367"},"modified":"2024-06-04T14:55:28","modified_gmt":"2024-06-04T14:55:28","slug":"realizan-trabajos-de-mantenimiento-y-limpieza-en-escuelas-de-lerdo","status":"publish","type":"post","link":"https:\/\/lagumex.mx\/index\/lerdo\/realizan-trabajos-de-mantenimiento-y-limpieza-en-escuelas-de-lerdo\/","title":{"rendered":"Realizan trabajos de mantenimiento y limpieza en escuelas de Lerdo"},"content":{"rendered":"\n<p>03 de junio de 2024.- La direcci\u00f3n de\u00a0<strong>Servicios P\u00fablicos de Lerdo<\/strong>\u00a0ha llevado a cabo una serie de\u00a0<strong>trabajos de limpieza en diversas escuelas del municipio<\/strong>, En una iniciativa dirigida a la promoci\u00f3n de entornos educativos de calidad, atendiendo el K\u00ednder Lauro Aguirre, la primaria Emiliano Zapata y la secundaria 22 de Septiembre.<\/p>\n\n\n\n<p>En el\u00a0<strong>Jard\u00edn de Ni\u00f1os<\/strong>\u00a0se realizaron trabajos de pintura que han revitalizado la apariencia del plantel, proporcionando un ambiente m\u00e1s agradable y acogedor para los menores de edad que asisten diariamente. Adem\u00e1s, en la\u00a0<strong>escuela Emiliano Zapata<\/strong>, ubicada en la Colonia Francisco Villa Sur, se efectuaron labores de limpieza exhaustiva de poda, deshierbe y recolecci\u00f3n de basura, al igual que en el<strong>\u00a0plantel educativo 22 de Septiembre.<\/strong> Cabe se\u00f1alar que la direcci\u00f3n de Servicios P\u00fablicos se encuentra en la\u00a0<strong>Presidencia Municipal de Lerdo<\/strong>\u00a0(avenida Francisco Sarabia no.3, Centro) y se mantiene atento a los reportes y solicitudes que la ciudadan\u00eda realiza a trav\u00e9s de la l\u00ednea telef\u00f3nica 87 11 75 00 00.<\/p>\n","protected":false},"excerpt":{"rendered":"<p>03 de junio de 2024.- La direcci\u00f3n de\u00a0Servicios P\u00fablicos de Lerdo\u00a0ha llevado a cabo una serie de\u00a0trabajos de limpieza en diversas escuelas del municipio, En una iniciativa dirigida a la promoci\u00f3n de entornos educativos de calidad, atendiendo el K\u00ednder Lauro Aguirre, la primaria Emiliano Zapata y la secundaria 22 de Septiembre. En el\u00a0Jard\u00edn de Ni\u00f1os\u00a0se&#8230;<\/p>\n","protected":false},"author":1,"featured_media":2368,"comment_status":"open","ping_status":"open","sticky":false,"template":"","format":"standard","meta":{"footnotes":""},"categories":[3],"tags":[],"class_list":["post-2367","post","type-post","status-publish","format-standard","has-post-thumbnail","hentry","category-lerdo"],"_links":{"self":[{"href":"https:\/\/lagumex.mx\/index\/wp-json\/wp\/v2\/posts\/2367","targetHints":{"allow":["GET"]}}],"collection":[{"href":"https:\/\/lagumex.mx\/index\/wp-json\/wp\/v2\/posts"}],"about":[{"href":"https:\/\/lagumex.mx\/index\/wp-json\/wp\/v2\/types\/post"}],"author":[{"embeddable":true,"href":"https:\/\/lagumex.mx\/index\/wp-json\/wp\/v2\/users\/1"}],"replies":[{"embeddable":true,"href":"https:\/\/lagumex.mx\/index\/wp-json\/wp\/v2\/comments?post=2367"}],"version-history":[{"count":1,"href":"https:\/\/lagumex.mx\/index\/wp-json\/wp\/v2\/posts\/2367\/revisions"}],"predecessor-version":[{"id":2369,"href":"https:\/\/lagumex.mx\/index\/wp-json\/wp\/v2\/posts\/2367\/revisions\/2369"}],"wp:featuredmedia":[{"embeddable":true,"href":"https:\/\/lagumex.mx\/index\/wp-json\/wp\/v2\/media\/2368"}],"wp:attachment":[{"href":"https:\/\/lagumex.mx\/index\/wp-json\/wp\/v2\/media?parent=2367"}],"wp:term":[{"taxonomy":"category","embeddable":true,"href":"https:\/\/lagumex.mx\/index\/wp-json\/wp\/v2\/categories?post=2367"},{"taxonomy":"post_tag","embeddable":true,"href":"https:\/\/lagumex.mx\/index\/wp-json\/wp\/v2\/tags?post=2367"}],"curies":[{"name":"wp","href":"https:\/\/api.w.org\/{rel}","templated":true}]}}