{"id":2338,"date":"2024-05-13T02:21:24","date_gmt":"2024-05-13T02:21:24","guid":{"rendered":"http:\/\/lagumex.mx\/index\/?p=2338"},"modified":"2024-05-13T02:21:24","modified_gmt":"2024-05-13T02:21:24","slug":"guillermo-ochoa-se-perdera-la-copa-america","status":"publish","type":"post","link":"https:\/\/lagumex.mx\/index\/sports\/guillermo-ochoa-se-perdera-la-copa-america\/","title":{"rendered":"Guillermo Ochoa se perder\u00e1 la Copa Am\u00e9rica"},"content":{"rendered":"\n<p>12 de mayo de 2024.- La\u00a0<strong>Copa Am\u00e9rica 2024<\/strong>\u00a0marcar\u00e1 algo nuevo y distinto para la\u00a0<strong>Selecci\u00f3n Mexicana<\/strong>. Varios futbolistas que eran infaltables en las \u00faltimas convocatorias de Jaime Lozano no fueron contemplados por el actual entrenador del Tricolor para el torneo internacional.\u00a0<strong>Guillermo Ochoa<\/strong>,\u00a0<strong>Hirving Lozano\u00a0<\/strong>y\u00a0<strong>Ra\u00fal Jim\u00e9nez<\/strong>, a pesar de estar en Europa, ser\u00e1n las ausencias m\u00e1s destacables en Estados Unidos, lo mismo que\u00a0<strong>Henry Mart\u00edn\u00a0<\/strong>y\u00a0<strong>Jes\u00fas Gallardo\u00a0<\/strong>de la\u00a0<strong>Liga MX<\/strong>.<\/p>\n\n\n\n<p>El Jimmy evit\u00f3 tocar un caso en espec\u00edfico y habl\u00f3 por todos. Cada uno de los jugadores recibi\u00f3 una llamada telef\u00f3nica para comunicarle que no lo contemplar\u00edan. El entrenador nacional agradeci\u00f3 que todos lo entendieran y no existiera alg\u00fan roce por su ausencia. \u201cEs lo \u00fanico que no me gusta de ser t\u00e9cnico, dejar gente fuera de una convocatoria. Fue dificil con todos, no s\u00f3lo con&nbsp;<strong>Ochoa&nbsp;<\/strong>y&nbsp;<strong>Lozano<\/strong>, pero todos lo hicieron m\u00e1s f\u00e1cil de lo que esperaba. Esa calidad humana que mostraron, ese apoyo y solidaridad con la&nbsp;<strong>Selecci\u00f3n<\/strong>. Ellos lo entendieron de inmediato y agradecieron la sinceridad y lo frontal que fui\u201d, acept\u00f3 en conferencia de prensa desde el Centro de Alto Rendimiento.<\/p>\n","protected":false},"excerpt":{"rendered":"<p>12 de mayo de 2024.- La\u00a0Copa Am\u00e9rica 2024\u00a0marcar\u00e1 algo nuevo y distinto para la\u00a0Selecci\u00f3n Mexicana. Varios futbolistas que eran infaltables en las \u00faltimas convocatorias de Jaime Lozano no fueron contemplados por el actual entrenador del Tricolor para el torneo internacional.\u00a0Guillermo Ochoa,\u00a0Hirving Lozano\u00a0y\u00a0Ra\u00fal Jim\u00e9nez, a pesar de estar en Europa, ser\u00e1n las ausencias m\u00e1s destacables en&#8230;<\/p>\n","protected":false},"author":1,"featured_media":2339,"comment_status":"open","ping_status":"open","sticky":false,"template":"","format":"standard","meta":{"footnotes":""},"categories":[4],"tags":[],"class_list":["post-2338","post","type-post","status-publish","format-standard","has-post-thumbnail","hentry","category-sports"],"_links":{"self":[{"href":"https:\/\/lagumex.mx\/index\/wp-json\/wp\/v2\/posts\/2338","targetHints":{"allow":["GET"]}}],"collection":[{"href":"https:\/\/lagumex.mx\/index\/wp-json\/wp\/v2\/posts"}],"about":[{"href":"https:\/\/lagumex.mx\/index\/wp-json\/wp\/v2\/types\/post"}],"author":[{"embeddable":true,"href":"https:\/\/lagumex.mx\/index\/wp-json\/wp\/v2\/users\/1"}],"replies":[{"embeddable":true,"href":"https:\/\/lagumex.mx\/index\/wp-json\/wp\/v2\/comments?post=2338"}],"version-history":[{"count":1,"href":"https:\/\/lagumex.mx\/index\/wp-json\/wp\/v2\/posts\/2338\/revisions"}],"predecessor-version":[{"id":2340,"href":"https:\/\/lagumex.mx\/index\/wp-json\/wp\/v2\/posts\/2338\/revisions\/2340"}],"wp:featuredmedia":[{"embeddable":true,"href":"https:\/\/lagumex.mx\/index\/wp-json\/wp\/v2\/media\/2339"}],"wp:attachment":[{"href":"https:\/\/lagumex.mx\/index\/wp-json\/wp\/v2\/media?parent=2338"}],"wp:term":[{"taxonomy":"category","embeddable":true,"href":"https:\/\/lagumex.mx\/index\/wp-json\/wp\/v2\/categories?post=2338"},{"taxonomy":"post_tag","embeddable":true,"href":"https:\/\/lagumex.mx\/index\/wp-json\/wp\/v2\/tags?post=2338"}],"curies":[{"name":"wp","href":"https:\/\/api.w.org\/{rel}","templated":true}]}}