{"id":2332,"date":"2024-05-13T02:19:02","date_gmt":"2024-05-13T02:19:02","guid":{"rendered":"http:\/\/lagumex.mx\/index\/?p=2332"},"modified":"2024-05-13T02:19:02","modified_gmt":"2024-05-13T02:19:02","slug":"capacita-dif-torreon-a-familiares-de-personas-con-trastornos-mentales","status":"publish","type":"post","link":"https:\/\/lagumex.mx\/index\/uncategorized\/torreon\/capacita-dif-torreon-a-familiares-de-personas-con-trastornos-mentales\/","title":{"rendered":"Capacita DIF Torre\u00f3n a familiares de personas con trastornos mentales"},"content":{"rendered":"\n<p>11 de mayo de 2024.- A trav\u00e9s del\u00a0<strong>taller \u201cDe familia a familia\u201d<\/strong>\u00a0el Sistema para el Desarrollo Integral de la Familia (DIF) de Torre\u00f3n contin\u00faa con una<strong>\u00a0capacitaci\u00f3n que brinda a familiares de personas con padecimientos mentales<\/strong>, obtener herramientas necesarias para mejorar las relaciones personales al interior del \u00e1mbito dom\u00e9stico.<\/p>\n\n\n\n<p>Se trata de un programa que la instituci\u00f3n desarrolla de manera conjunta con la\u00a0<strong>Asociaci\u00f3n Lagunera para la Salud Mental (ALSAME)<\/strong>, y en el que se trabaja con el manual de la organizaci\u00f3n NAMI. <\/p>\n\n\n\n<p>Marlene Mart\u00ednez Vald\u00e9s, directora general del&nbsp;<strong>DIF Torre\u00f3n<\/strong>, dio a conocer que esta actividad que inici\u00f3 a principios del mes de marzo est\u00e1 enfocada en conocer los aspectos biol\u00f3gicos y psicosociales del paciente y su interacci\u00f3n familiar.<\/p>\n\n\n\n<p>Dijo que durante las primeras sesiones se inform\u00f3 sobre los principios b\u00e1sicos de los&nbsp;<strong>trastornos mentales&nbsp;<\/strong>y los datos sobre el funcionamiento del cerebro.<\/p>\n\n\n\n<p>Los familiares aprenden las habilidades para resolver problemas, las t\u00e9cnicas para la comunicaci\u00f3n entre la persona con el trastorno y su cuidador, as\u00ed como a generar empat\u00eda y saber de qu\u00e9 manera trabajar los<strong>&nbsp;sentimientos de culpa, duelo y el equilibrio de la vida.<\/strong><\/p>\n","protected":false},"excerpt":{"rendered":"<p>11 de mayo de 2024.- A trav\u00e9s del\u00a0taller \u201cDe familia a familia\u201d\u00a0el Sistema para el Desarrollo Integral de la Familia (DIF) de Torre\u00f3n contin\u00faa con una\u00a0capacitaci\u00f3n que brinda a familiares de personas con padecimientos mentales, obtener herramientas necesarias para mejorar las relaciones personales al interior del \u00e1mbito dom\u00e9stico. Se trata de un programa que la&#8230;<\/p>\n","protected":false},"author":1,"featured_media":2333,"comment_status":"open","ping_status":"open","sticky":false,"template":"","format":"standard","meta":{"footnotes":""},"categories":[10],"tags":[],"class_list":["post-2332","post","type-post","status-publish","format-standard","has-post-thumbnail","hentry","category-torreon"],"_links":{"self":[{"href":"https:\/\/lagumex.mx\/index\/wp-json\/wp\/v2\/posts\/2332","targetHints":{"allow":["GET"]}}],"collection":[{"href":"https:\/\/lagumex.mx\/index\/wp-json\/wp\/v2\/posts"}],"about":[{"href":"https:\/\/lagumex.mx\/index\/wp-json\/wp\/v2\/types\/post"}],"author":[{"embeddable":true,"href":"https:\/\/lagumex.mx\/index\/wp-json\/wp\/v2\/users\/1"}],"replies":[{"embeddable":true,"href":"https:\/\/lagumex.mx\/index\/wp-json\/wp\/v2\/comments?post=2332"}],"version-history":[{"count":1,"href":"https:\/\/lagumex.mx\/index\/wp-json\/wp\/v2\/posts\/2332\/revisions"}],"predecessor-version":[{"id":2334,"href":"https:\/\/lagumex.mx\/index\/wp-json\/wp\/v2\/posts\/2332\/revisions\/2334"}],"wp:featuredmedia":[{"embeddable":true,"href":"https:\/\/lagumex.mx\/index\/wp-json\/wp\/v2\/media\/2333"}],"wp:attachment":[{"href":"https:\/\/lagumex.mx\/index\/wp-json\/wp\/v2\/media?parent=2332"}],"wp:term":[{"taxonomy":"category","embeddable":true,"href":"https:\/\/lagumex.mx\/index\/wp-json\/wp\/v2\/categories?post=2332"},{"taxonomy":"post_tag","embeddable":true,"href":"https:\/\/lagumex.mx\/index\/wp-json\/wp\/v2\/tags?post=2332"}],"curies":[{"name":"wp","href":"https:\/\/api.w.org\/{rel}","templated":true}]}}