{"id":2327,"date":"2024-05-13T02:17:45","date_gmt":"2024-05-13T02:17:45","guid":{"rendered":"http:\/\/lagumex.mx\/index\/?p=2327"},"modified":"2024-05-13T02:17:45","modified_gmt":"2024-05-13T02:17:45","slug":"habra-recursos-especiales-para-danos-por-fugas-de-agua-saludable","status":"publish","type":"post","link":"https:\/\/lagumex.mx\/index\/durango\/habra-recursos-especiales-para-danos-por-fugas-de-agua-saludable\/","title":{"rendered":"Habr\u00e1 recursos especiales para da\u00f1os por fugas de Agua Saludable"},"content":{"rendered":"\n<p>11 de mayo de 2024.- Derivado de las afectaciones por las fugas en las<strong>\u00a0l\u00edneas de conducci\u00f3n del Proyecto Agua Saludable para la Laguna<\/strong>, el gobernador del Estado de Durango, Esteban Villegas Villarreal, aunque no cit\u00f3 los montos, inform\u00f3 que el Presidente de M\u00e9xico, Andr\u00e9s Manuel L\u00f3pez Obrador garantiz\u00f3 que habr\u00e1 recursos especiales para solventar y resolver esta problem\u00e1tica que est\u00e1n enfrentando los municipios.<\/p>\n\n\n\n<p>\u201cEstamos gestionando un recurso especial que el que el presidente nos dijo, Homero estaba como alcalde, ese evento fue en Lerdo dijo que iba haber un recurso extraordinario a trav\u00e9s de la\u00a0<strong>Comisi\u00f3n Nacional del Agua (CONAGUA)<\/strong>, para empezar a rehabilitar las l\u00edneas de conducci\u00f3n \u2013imag\u00ednense, va a bajar el agua, la van a poner en el macrotanque va a bajar por la gravedad y con la presi\u00f3n va a ser un tronadero de tuber\u00edas por todos lados-, y estoy\u00a0<strong>gestionando tambi\u00e9n en Pemex porque as\u00ed fue el acuerdo con el Presidente m\u00e1s asfalto del que ya estamos colocando en G\u00f3mez Palacio<\/strong>\u201d, se\u00f1al\u00f3. <\/p>\n\n\n\n<h4 class=\"wp-block-heading\">Aunado a ello, dijo que tiene ir de la mano un programa agresivo de pavimentaci\u00f3n, \u201cpara que en cuanto vayamos abriendo y cambiando las l\u00edneas ir generando un\u00a0<strong>programa agresivo de pavimentaci\u00f3n en la Laguna que verdaderamente nos urge mucho<\/strong>, el pavimento est\u00e1 completamente destrozado y eso que no llovi\u00f3\u201d, sostuvo.<\/h4>\n","protected":false},"excerpt":{"rendered":"<p>11 de mayo de 2024.- Derivado de las afectaciones por las fugas en las\u00a0l\u00edneas de conducci\u00f3n del Proyecto Agua Saludable para la Laguna, el gobernador del Estado de Durango, Esteban Villegas Villarreal, aunque no cit\u00f3 los montos, inform\u00f3 que el Presidente de M\u00e9xico, Andr\u00e9s Manuel L\u00f3pez Obrador garantiz\u00f3 que habr\u00e1 recursos especiales para solventar y&#8230;<\/p>\n","protected":false},"author":1,"featured_media":2330,"comment_status":"open","ping_status":"open","sticky":false,"template":"","format":"standard","meta":{"footnotes":""},"categories":[1,12],"tags":[],"class_list":["post-2327","post","type-post","status-publish","format-standard","has-post-thumbnail","hentry","category-durango","category-gomez-palacio"],"_links":{"self":[{"href":"https:\/\/lagumex.mx\/index\/wp-json\/wp\/v2\/posts\/2327","targetHints":{"allow":["GET"]}}],"collection":[{"href":"https:\/\/lagumex.mx\/index\/wp-json\/wp\/v2\/posts"}],"about":[{"href":"https:\/\/lagumex.mx\/index\/wp-json\/wp\/v2\/types\/post"}],"author":[{"embeddable":true,"href":"https:\/\/lagumex.mx\/index\/wp-json\/wp\/v2\/users\/1"}],"replies":[{"embeddable":true,"href":"https:\/\/lagumex.mx\/index\/wp-json\/wp\/v2\/comments?post=2327"}],"version-history":[{"count":1,"href":"https:\/\/lagumex.mx\/index\/wp-json\/wp\/v2\/posts\/2327\/revisions"}],"predecessor-version":[{"id":2331,"href":"https:\/\/lagumex.mx\/index\/wp-json\/wp\/v2\/posts\/2327\/revisions\/2331"}],"wp:featuredmedia":[{"embeddable":true,"href":"https:\/\/lagumex.mx\/index\/wp-json\/wp\/v2\/media\/2330"}],"wp:attachment":[{"href":"https:\/\/lagumex.mx\/index\/wp-json\/wp\/v2\/media?parent=2327"}],"wp:term":[{"taxonomy":"category","embeddable":true,"href":"https:\/\/lagumex.mx\/index\/wp-json\/wp\/v2\/categories?post=2327"},{"taxonomy":"post_tag","embeddable":true,"href":"https:\/\/lagumex.mx\/index\/wp-json\/wp\/v2\/tags?post=2327"}],"curies":[{"name":"wp","href":"https:\/\/api.w.org\/{rel}","templated":true}]}}