{"id":232,"date":"2023-06-15T16:14:14","date_gmt":"2023-06-15T16:14:14","guid":{"rendered":"http:\/\/lagumex.mx\/index\/?p=232"},"modified":"2023-06-15T16:14:14","modified_gmt":"2023-06-15T16:14:14","slug":"gobierno-de-esteban-villegas-le-da-valor-al-trabajo-de-docentes","status":"publish","type":"post","link":"https:\/\/lagumex.mx\/index\/durango\/gobierno-de-esteban-villegas-le-da-valor-al-trabajo-de-docentes\/","title":{"rendered":"Gobierno de Esteban Villegas le da valor al trabajo de docentes"},"content":{"rendered":"\n<h2 class=\"wp-block-heading\">Este mi\u00e9rcoles fue presentado el programa \u2018Ingl\u00e9s con Valor\u2019 en Lerdo<\/h2>\n\n\n\n<p>El gobierno de Esteban Villegas Villarreal revoluciona el trabajo docente en la regi\u00f3n Laguna y la entidad, a trav\u00e9s del Programa denominado \u201cIngl\u00e9s con Valor\u201d, lo anterior fue dado a conocer este mi\u00e9rcoles por el secretario de Educaci\u00f3n en el Estado de Durango, Jos\u00e9 Guillermo Adame Calder\u00f3n, en el marco de la presentaci\u00f3n del mismo, en el Instituto de Estudios Superiores de Educaci\u00f3n Normal (IESEN) Gral. L\u00e1zaro C\u00e1rdenas del R\u00edo.<\/p>\n\n\n\n<p>Destac\u00f3, que hace algunas semanas el gobernador, Esteban Villegas Villarreal, junto a la secretaria de Educaci\u00f3n en M\u00e9xico, Leticia Ram\u00edrez Amaya, present\u00f3 ante la comunidad de Durango el Programa Educativo 2023-2028, el cual marca 5 ejes prioritarios, y uno de ellos, es la resignificaci\u00f3n de la vida magisterial: \u201cCon la resignificaci\u00f3n de la vida magisterial, los derechos laborales, la manera en la que tratamos a los profesores y obviamente la formaci\u00f3n docente permitir\u00e1 complementar el perfil de los alumnos egresados de las diferentes carreras en la entidad\u201d, indic\u00f3.<\/p>\n\n\n\n<p>Por su parte el subsecretario de Educaci\u00f3n en la regi\u00f3n Laguna, Fernando Ulises Adame de Le\u00f3n, inform\u00f3 que este programa est\u00e1 espec\u00edficamente relacionado con el idioma ingl\u00e9s: \u201cRecibimos la instrucci\u00f3n del se\u00f1or gobernador y del se\u00f1or secretario de buscar elevar el nivel educativo de nuestros egresados, as\u00ed como capacitar a nuestros docentes de la mejor forma y encontramos que una de las deficiencias m\u00e1s importantes que tienen nuestros egresados es que cuando ya son ingenieros, m\u00e9dicos y profesionistas no hablan ingl\u00e9s y la demanda mundial y competencia nos obliga a capacitarnos en el \u00e1rea\u201d, puntualiz\u00f3.<\/p>\n\n\n\n<p>Mencion\u00f3 que atendiendo la instrucci\u00f3n se reuni\u00f3 con autoridades educativas del IESEN Gral. L\u00e1zaro C\u00e1rdenas del R\u00edo y de la Universidad Pedag\u00f3gica de Durango e iniciaron un proyecto encaminado a que, en un futuro, todas las escuelas del Estado sean biling\u00fces, es por ello que esta ma\u00f1ana se lanz\u00f3 el proyecto en la regi\u00f3n Laguna mismo que tiene el objetivo fundamentar de reclutar a los j\u00f3venes que est\u00e1n estudiando ingl\u00e9s en el IESEN y la UPD, donde se localizan alrededor de 500 estudiantes para ser encaminados a realizar sus pr\u00e1cticas profesionales dando cursos en ambas instituciones, logrando as\u00ed que desde la universidad se empiece a capacitar los futuros profesores.<\/p>\n","protected":false},"excerpt":{"rendered":"<p>Este mi\u00e9rcoles fue presentado el programa \u2018Ingl\u00e9s con Valor\u2019 en Lerdo El gobierno de Esteban Villegas Villarreal revoluciona el trabajo docente en la regi\u00f3n Laguna y la entidad, a trav\u00e9s del Programa denominado \u201cIngl\u00e9s con Valor\u201d, lo anterior fue dado a conocer este mi\u00e9rcoles por el secretario de Educaci\u00f3n en el Estado de Durango, Jos\u00e9&#8230;<\/p>\n","protected":false},"author":1,"featured_media":233,"comment_status":"open","ping_status":"open","sticky":false,"template":"","format":"standard","meta":{"footnotes":""},"categories":[1],"tags":[],"class_list":["post-232","post","type-post","status-publish","format-standard","has-post-thumbnail","hentry","category-durango"],"_links":{"self":[{"href":"https:\/\/lagumex.mx\/index\/wp-json\/wp\/v2\/posts\/232","targetHints":{"allow":["GET"]}}],"collection":[{"href":"https:\/\/lagumex.mx\/index\/wp-json\/wp\/v2\/posts"}],"about":[{"href":"https:\/\/lagumex.mx\/index\/wp-json\/wp\/v2\/types\/post"}],"author":[{"embeddable":true,"href":"https:\/\/lagumex.mx\/index\/wp-json\/wp\/v2\/users\/1"}],"replies":[{"embeddable":true,"href":"https:\/\/lagumex.mx\/index\/wp-json\/wp\/v2\/comments?post=232"}],"version-history":[{"count":1,"href":"https:\/\/lagumex.mx\/index\/wp-json\/wp\/v2\/posts\/232\/revisions"}],"predecessor-version":[{"id":234,"href":"https:\/\/lagumex.mx\/index\/wp-json\/wp\/v2\/posts\/232\/revisions\/234"}],"wp:featuredmedia":[{"embeddable":true,"href":"https:\/\/lagumex.mx\/index\/wp-json\/wp\/v2\/media\/233"}],"wp:attachment":[{"href":"https:\/\/lagumex.mx\/index\/wp-json\/wp\/v2\/media?parent=232"}],"wp:term":[{"taxonomy":"category","embeddable":true,"href":"https:\/\/lagumex.mx\/index\/wp-json\/wp\/v2\/categories?post=232"},{"taxonomy":"post_tag","embeddable":true,"href":"https:\/\/lagumex.mx\/index\/wp-json\/wp\/v2\/tags?post=232"}],"curies":[{"name":"wp","href":"https:\/\/api.w.org\/{rel}","templated":true}]}}