{"id":2318,"date":"2024-05-09T02:09:11","date_gmt":"2024-05-09T02:09:11","guid":{"rendered":"http:\/\/lagumex.mx\/index\/?p=2318"},"modified":"2024-05-13T02:10:59","modified_gmt":"2024-05-13T02:10:59","slug":"homero-martinez-firma-convenio-de-colaboracion-con-el-centro-oftalmologico-universitario","status":"publish","type":"post","link":"https:\/\/lagumex.mx\/index\/lerdo\/homero-martinez-firma-convenio-de-colaboracion-con-el-centro-oftalmologico-universitario\/","title":{"rendered":"Homero Mart\u00ednez firma convenio de colaboraci\u00f3n con el Centro Oftalmol\u00f3gico Universitario"},"content":{"rendered":"\n<p>09 de mayo de 2024.- El\u00a0<strong>alcalde de Lerdo, Homero Mart\u00ednez Cabrera firm\u00f3 el convenio de colaboraci\u00f3n con el Centro Oftalmol\u00f3gico Universitario en la \u00abSala Presidentes\u00bb\u00a0<\/strong>del Palacio Municipal, junto al Secretario del Ayuntamiento, Jes\u00fas Eduardo Lara Urby; el Doctor Ramiro Silva Camacho, director de la Instituci\u00f3n; el Doctor Omar G\u00f3mez Gonz\u00e1lez, y personal de salud de la prestigiada instituci\u00f3n.Es as\u00ed, que se dio a conocer,\u00a0<strong>la segunda semana del mes de junio iniciar\u00e1 la jornada de operaciones de cataratas en beneficio de la ciudadan\u00eda lerdense<\/strong>, donde la Presidencia aportar\u00e1 un porcentaje econ\u00f3mico mayor para que, quienes requieran esta cirug\u00eda la puedan obtener a un precio bajo. <strong>Las cinco Villas, comunidades como La Carpa, Seis de Enero, \u00c1lvaro Obreg\u00f3n, sus alrededores<\/strong>, y colonias estrat\u00e9gicamente seleccionadas de la zona urbana, fueron visitadas durante estas brigadas de salud, con el objetivo de llegar a aquellos ciudadanos que presentan una discapacidad visual y mejorar su calidad de vida.<\/p>\n","protected":false},"excerpt":{"rendered":"<p>09 de mayo de 2024.- El\u00a0alcalde de Lerdo, Homero Mart\u00ednez Cabrera firm\u00f3 el convenio de colaboraci\u00f3n con el Centro Oftalmol\u00f3gico Universitario en la \u00abSala Presidentes\u00bb\u00a0del Palacio Municipal, junto al Secretario del Ayuntamiento, Jes\u00fas Eduardo Lara Urby; el Doctor Ramiro Silva Camacho, director de la Instituci\u00f3n; el Doctor Omar G\u00f3mez Gonz\u00e1lez, y personal de salud de&#8230;<\/p>\n","protected":false},"author":1,"featured_media":2319,"comment_status":"open","ping_status":"open","sticky":false,"template":"","format":"standard","meta":{"footnotes":""},"categories":[3],"tags":[],"class_list":["post-2318","post","type-post","status-publish","format-standard","has-post-thumbnail","hentry","category-lerdo"],"_links":{"self":[{"href":"https:\/\/lagumex.mx\/index\/wp-json\/wp\/v2\/posts\/2318","targetHints":{"allow":["GET"]}}],"collection":[{"href":"https:\/\/lagumex.mx\/index\/wp-json\/wp\/v2\/posts"}],"about":[{"href":"https:\/\/lagumex.mx\/index\/wp-json\/wp\/v2\/types\/post"}],"author":[{"embeddable":true,"href":"https:\/\/lagumex.mx\/index\/wp-json\/wp\/v2\/users\/1"}],"replies":[{"embeddable":true,"href":"https:\/\/lagumex.mx\/index\/wp-json\/wp\/v2\/comments?post=2318"}],"version-history":[{"count":1,"href":"https:\/\/lagumex.mx\/index\/wp-json\/wp\/v2\/posts\/2318\/revisions"}],"predecessor-version":[{"id":2320,"href":"https:\/\/lagumex.mx\/index\/wp-json\/wp\/v2\/posts\/2318\/revisions\/2320"}],"wp:featuredmedia":[{"embeddable":true,"href":"https:\/\/lagumex.mx\/index\/wp-json\/wp\/v2\/media\/2319"}],"wp:attachment":[{"href":"https:\/\/lagumex.mx\/index\/wp-json\/wp\/v2\/media?parent=2318"}],"wp:term":[{"taxonomy":"category","embeddable":true,"href":"https:\/\/lagumex.mx\/index\/wp-json\/wp\/v2\/categories?post=2318"},{"taxonomy":"post_tag","embeddable":true,"href":"https:\/\/lagumex.mx\/index\/wp-json\/wp\/v2\/tags?post=2318"}],"curies":[{"name":"wp","href":"https:\/\/api.w.org\/{rel}","templated":true}]}}