{"id":2299,"date":"2024-05-04T01:42:10","date_gmt":"2024-05-04T01:42:10","guid":{"rendered":"http:\/\/lagumex.mx\/index\/?p=2299"},"modified":"2024-05-13T01:43:24","modified_gmt":"2024-05-13T01:43:24","slug":"conmemoraran-aniversario-mision-de-san-juan-de-casta-hoy-villa-de-leon-guzman","status":"publish","type":"post","link":"https:\/\/lagumex.mx\/index\/lerdo\/conmemoraran-aniversario-mision-de-san-juan-de-casta-hoy-villa-de-leon-guzman\/","title":{"rendered":"Conmemorar\u00e1n aniversario \u201cMisi\u00f3n de San Juan de Casta\u201d, hoy Villa de Le\u00f3n Guzm\u00e1n"},"content":{"rendered":"\n<p>04 de mayo de 2024. El pr\u00f3ximo 06 de mayo, el municipio de Lerdo conmemora el aniversario n\u00famero 426 de \u201cla fundaci\u00f3n de la Misi\u00f3n de San Juan de Casta\u201d, hoy Villa de Le\u00f3n Guzm\u00e1n, lugar donde surge la ahora conocida \u2018Comarca Lagunera\u2019. <\/p>\n\n\n\n<p>Lerdo surge hasta 1836, con el nombre de \u201cSan Fernando de la Laguna\u201d, originalmente se le nombraba as\u00ed debido a la hacienda construida por Juan Nepomuceno Flores Alcalde, llamada \u201cHacienda San Fernando\u201d, y el origen de \u201cLa Laguna\u201d hace referencia a las lagunas que se encontraban dentro de la regi\u00f3n.<\/p>\n\n\n\n<p>En el a\u00f1o de 1864, el benem\u00e9rito de las Am\u00e9ricas tiene su paso por el ya mencionado \u201cSan Fernando de la Laguna\u201d, fue ah\u00ed donde un hombre llamado Catarino Navarro Ur\u00edas le pide a Benito Ju\u00e1rez que \u201clibere el pueblo San Fernando de la Laguna\u201d con el nombre de Lerdo, en conmemoraci\u00f3n del fallecido \u201cMiguel erdo Tejada\u201d.Es as\u00ed que la consolidaci\u00f3n de municipio de Lerdo surge gracias a la fundaci\u00f3n de San Juan de Casta (actualmente conocido como Le\u00f3n Guzm\u00e1n).La colonizaci\u00f3n de la Comarca Lagunera comienza a partir de la fundaci\u00f3n de cinco pueblos (Cuencam\u00e9, Parras de la Fuente, San Juan de Casta, Torre\u00f3n y San Pedro de las Colonias), siendo San Juan de Casta el primer pueblo en formarse dentro de la zona metropolitana de la Comarca Lagunera.<\/p>\n","protected":false},"excerpt":{"rendered":"<p>04 de mayo de 2024. El pr\u00f3ximo 06 de mayo, el municipio de Lerdo conmemora el aniversario n\u00famero 426 de \u201cla fundaci\u00f3n de la Misi\u00f3n de San Juan de Casta\u201d, hoy Villa de Le\u00f3n Guzm\u00e1n, lugar donde surge la ahora conocida \u2018Comarca Lagunera\u2019. Lerdo surge hasta 1836, con el nombre de \u201cSan Fernando de la&#8230;<\/p>\n","protected":false},"author":1,"featured_media":0,"comment_status":"open","ping_status":"open","sticky":false,"template":"","format":"standard","meta":{"footnotes":""},"categories":[3],"tags":[],"class_list":["post-2299","post","type-post","status-publish","format-standard","hentry","category-lerdo"],"_links":{"self":[{"href":"https:\/\/lagumex.mx\/index\/wp-json\/wp\/v2\/posts\/2299","targetHints":{"allow":["GET"]}}],"collection":[{"href":"https:\/\/lagumex.mx\/index\/wp-json\/wp\/v2\/posts"}],"about":[{"href":"https:\/\/lagumex.mx\/index\/wp-json\/wp\/v2\/types\/post"}],"author":[{"embeddable":true,"href":"https:\/\/lagumex.mx\/index\/wp-json\/wp\/v2\/users\/1"}],"replies":[{"embeddable":true,"href":"https:\/\/lagumex.mx\/index\/wp-json\/wp\/v2\/comments?post=2299"}],"version-history":[{"count":1,"href":"https:\/\/lagumex.mx\/index\/wp-json\/wp\/v2\/posts\/2299\/revisions"}],"predecessor-version":[{"id":2300,"href":"https:\/\/lagumex.mx\/index\/wp-json\/wp\/v2\/posts\/2299\/revisions\/2300"}],"wp:attachment":[{"href":"https:\/\/lagumex.mx\/index\/wp-json\/wp\/v2\/media?parent=2299"}],"wp:term":[{"taxonomy":"category","embeddable":true,"href":"https:\/\/lagumex.mx\/index\/wp-json\/wp\/v2\/categories?post=2299"},{"taxonomy":"post_tag","embeddable":true,"href":"https:\/\/lagumex.mx\/index\/wp-json\/wp\/v2\/tags?post=2299"}],"curies":[{"name":"wp","href":"https:\/\/api.w.org\/{rel}","templated":true}]}}