{"id":2269,"date":"2024-04-26T14:22:00","date_gmt":"2024-04-26T14:22:00","guid":{"rendered":"http:\/\/lagumex.mx\/index\/?p=2269"},"modified":"2024-05-02T14:23:28","modified_gmt":"2024-05-02T14:23:28","slug":"celebran-jornada-del-empleo-en-lerdo","status":"publish","type":"post","link":"https:\/\/lagumex.mx\/index\/lerdo\/celebran-jornada-del-empleo-en-lerdo\/","title":{"rendered":"Celebran Jornada del Empleo en Lerdo"},"content":{"rendered":"\n<p>26 de abril de 2024.- La direcci\u00f3n de Fomento Econ\u00f3mico en Lerdo, informa a los buscadores de empleo que la la pr\u00f3xima Jornada del Empleo en el municipio de Lerdo, se llevar\u00e1 a cabo el pr\u00f3ximo martes 30 de abril, en la plaza de Armas, con la participaci\u00f3n de siete empresas de la regi\u00f3n. La dependencia se\u00f1ala que en esta edici\u00f3n n\u00famero 12, se contar\u00e1 con una variedad de vacantes laborales, tanto operativas como administrativas, para beneficio de la comunidad lerdense que se encuentra en busca de un empleo formal. Las empresas participantes ser\u00e1n: LALA, SEARS, KONECTA, LINAMAR, Transporte Peque\u00f1a, Integra y Grupo ARY. Para informaci\u00f3n general (vacantes y puestos laborales disponibles y m\u00e1s), pueden comunicarse al tel\u00e9fono 871 744 2968, a trav\u00e9s de WhatsApp 871 251 0810, o visitar las oficinas de Bolsa de Trabajo, ubicadas en calle Chihuahua No. 14, colonia Centro, frente al parque Victoria.<\/p>\n","protected":false},"excerpt":{"rendered":"<p>26 de abril de 2024.- La direcci\u00f3n de Fomento Econ\u00f3mico en Lerdo, informa a los buscadores de empleo que la la pr\u00f3xima Jornada del Empleo en el municipio de Lerdo, se llevar\u00e1 a cabo el pr\u00f3ximo martes 30 de abril, en la plaza de Armas, con la participaci\u00f3n de siete empresas de la regi\u00f3n. La&#8230;<\/p>\n","protected":false},"author":1,"featured_media":2270,"comment_status":"open","ping_status":"open","sticky":false,"template":"","format":"standard","meta":{"footnotes":""},"categories":[3],"tags":[],"class_list":["post-2269","post","type-post","status-publish","format-standard","has-post-thumbnail","hentry","category-lerdo"],"_links":{"self":[{"href":"https:\/\/lagumex.mx\/index\/wp-json\/wp\/v2\/posts\/2269","targetHints":{"allow":["GET"]}}],"collection":[{"href":"https:\/\/lagumex.mx\/index\/wp-json\/wp\/v2\/posts"}],"about":[{"href":"https:\/\/lagumex.mx\/index\/wp-json\/wp\/v2\/types\/post"}],"author":[{"embeddable":true,"href":"https:\/\/lagumex.mx\/index\/wp-json\/wp\/v2\/users\/1"}],"replies":[{"embeddable":true,"href":"https:\/\/lagumex.mx\/index\/wp-json\/wp\/v2\/comments?post=2269"}],"version-history":[{"count":1,"href":"https:\/\/lagumex.mx\/index\/wp-json\/wp\/v2\/posts\/2269\/revisions"}],"predecessor-version":[{"id":2271,"href":"https:\/\/lagumex.mx\/index\/wp-json\/wp\/v2\/posts\/2269\/revisions\/2271"}],"wp:featuredmedia":[{"embeddable":true,"href":"https:\/\/lagumex.mx\/index\/wp-json\/wp\/v2\/media\/2270"}],"wp:attachment":[{"href":"https:\/\/lagumex.mx\/index\/wp-json\/wp\/v2\/media?parent=2269"}],"wp:term":[{"taxonomy":"category","embeddable":true,"href":"https:\/\/lagumex.mx\/index\/wp-json\/wp\/v2\/categories?post=2269"},{"taxonomy":"post_tag","embeddable":true,"href":"https:\/\/lagumex.mx\/index\/wp-json\/wp\/v2\/tags?post=2269"}],"curies":[{"name":"wp","href":"https:\/\/api.w.org\/{rel}","templated":true}]}}