{"id":2264,"date":"2024-04-27T14:20:00","date_gmt":"2024-04-27T14:20:00","guid":{"rendered":"http:\/\/lagumex.mx\/index\/?p=2264"},"modified":"2024-05-02T14:21:43","modified_gmt":"2024-05-02T14:21:43","slug":"el-tema-de-la-seguridad-a-nosotros-os-debe-preocupar-y-ocupar","status":"publish","type":"post","link":"https:\/\/lagumex.mx\/index\/lerdo\/el-tema-de-la-seguridad-a-nosotros-os-debe-preocupar-y-ocupar\/","title":{"rendered":"\u201dEl tema de la seguridad a nosotros os debe preocupar y ocupar\u201d"},"content":{"rendered":"\n<p>27 de abril de 2024.- El acalde de Lerdo, Durango, Homero Mart\u00ednez Cabrera, reconoci\u00f3 que ante el fen\u00f3meno migrante, dentro de sus responsabilidades solo les toca vigilar, \u201ccoadyuvar en alguna tarea porque al final del d\u00eda esos migrantes de acuerdo a la ley y a la constituci\u00f3n son los derechos que se tienen consagrados\u201d. Ante todo lo que envuelve a esta crisis migratoria que ha alcanzado al norte del pa\u00eds y en espec\u00edfico a la Laguna de Durango, el edil admiti\u00f3 que en lo que respecta a su municipio no pueden ser indiferentes y que hay una corresponsabilidad por sentido humano. Cabe recordar que hace aproximadamente 8 d\u00edas cuando se suscit\u00f3 una tragedia, donde tres hermanos migrantes perdieron la vida al caerse del ferrocarril donde dos ni\u00f1as y un hombre joven de 21 a\u00f1os de edad fallecieron, eran de origen venezolano.<\/p>\n\n\n\n<p>Explic\u00f3 el edil que se trata de un fen\u00f3meno complejo ya que la Laguna son paso obligatorio, pero adem\u00e1s reflexion\u00f3 sobre c\u00f3mo es que desde la frontera sur llegan hasta el norte, \u201cle toca al INM desde atar esta situaci\u00f3n, es un tema mundial, tambi\u00e9n lo vemos en M\u00e9xico la migraci\u00f3n que sale hacia Estados Unidos en una mejora de su calidad de vida, nosotros solamente coadyuvar en lo que a nosotros nos toca\u201d, se\u00f1al\u00f3.<\/p>\n","protected":false},"excerpt":{"rendered":"<p>27 de abril de 2024.- El acalde de Lerdo, Durango, Homero Mart\u00ednez Cabrera, reconoci\u00f3 que ante el fen\u00f3meno migrante, dentro de sus responsabilidades solo les toca vigilar, \u201ccoadyuvar en alguna tarea porque al final del d\u00eda esos migrantes de acuerdo a la ley y a la constituci\u00f3n son los derechos que se tienen consagrados\u201d. Ante&#8230;<\/p>\n","protected":false},"author":1,"featured_media":2265,"comment_status":"open","ping_status":"open","sticky":false,"template":"","format":"standard","meta":{"footnotes":""},"categories":[3],"tags":[],"class_list":["post-2264","post","type-post","status-publish","format-standard","has-post-thumbnail","hentry","category-lerdo"],"_links":{"self":[{"href":"https:\/\/lagumex.mx\/index\/wp-json\/wp\/v2\/posts\/2264","targetHints":{"allow":["GET"]}}],"collection":[{"href":"https:\/\/lagumex.mx\/index\/wp-json\/wp\/v2\/posts"}],"about":[{"href":"https:\/\/lagumex.mx\/index\/wp-json\/wp\/v2\/types\/post"}],"author":[{"embeddable":true,"href":"https:\/\/lagumex.mx\/index\/wp-json\/wp\/v2\/users\/1"}],"replies":[{"embeddable":true,"href":"https:\/\/lagumex.mx\/index\/wp-json\/wp\/v2\/comments?post=2264"}],"version-history":[{"count":1,"href":"https:\/\/lagumex.mx\/index\/wp-json\/wp\/v2\/posts\/2264\/revisions"}],"predecessor-version":[{"id":2266,"href":"https:\/\/lagumex.mx\/index\/wp-json\/wp\/v2\/posts\/2264\/revisions\/2266"}],"wp:featuredmedia":[{"embeddable":true,"href":"https:\/\/lagumex.mx\/index\/wp-json\/wp\/v2\/media\/2265"}],"wp:attachment":[{"href":"https:\/\/lagumex.mx\/index\/wp-json\/wp\/v2\/media?parent=2264"}],"wp:term":[{"taxonomy":"category","embeddable":true,"href":"https:\/\/lagumex.mx\/index\/wp-json\/wp\/v2\/categories?post=2264"},{"taxonomy":"post_tag","embeddable":true,"href":"https:\/\/lagumex.mx\/index\/wp-json\/wp\/v2\/tags?post=2264"}],"curies":[{"name":"wp","href":"https:\/\/api.w.org\/{rel}","templated":true}]}}