{"id":2242,"date":"2024-04-12T01:01:00","date_gmt":"2024-04-12T01:01:00","guid":{"rendered":"http:\/\/lagumex.mx\/index\/?p=2242"},"modified":"2024-04-12T05:20:18","modified_gmt":"2024-04-12T05:20:18","slug":"entregan-preseas-a-pevecianos-distinguidos-apache","status":"publish","type":"post","link":"https:\/\/lagumex.mx\/index\/uncategorized\/torreon\/entregan-preseas-a-pevecianos-distinguidos-apache\/","title":{"rendered":"Entregan preseas a Pevecianos Distinguidos Apache"},"content":{"rendered":"\n<p>12 de abril de 2024.-La Escuela de Bachilleres Venustiano Carranza de la Universidad Aut\u00f3noma de Coahuila otorg\u00f3 la presea Peveciano Distinguido Apache a cuatro exalumnos dentro de la Semana Cultural y Deportiva 2024.<\/p>\n\n\n\n<p>En esta ocasi\u00f3n, se otorg\u00f3 la codiciada presea al licenciado \u00d3scar Pimentel Gonz\u00e1lez, actual Secretario de Gobierno de Coahuila, quien fue diputado federal, diputado local, alcalde de Saltillo y Secretario de Educaci\u00f3n, entre otros importantes puestos en la funci\u00f3n p\u00fablica .Otro de los galardonados fue el Fiscal General de Coahuila, Dr. Gerardo M\u00e1rquez Guevara, quien tambi\u00e9n ha ocupado importantes cargos en la administraci\u00f3n p\u00fablica dentro del Poder Judicial, aparte de ser uno de los mejores abogados postulantes.La diputada local Olivia Mart\u00ednez tambi\u00e9n fue galardonada, destacada en la pol\u00edtica en la regi\u00f3n y en el Estado.El periodista y catedr\u00e1tico universitario Carlos Padilla Mu\u00f1oz tambi\u00e9n recibi\u00f3 la codiciada presea que otorga esta prestigiosa preparatoria de la UAC, destacando en la comunicaci\u00f3n y en la c\u00e1tedra de oratoria y declamaci\u00f3n. El evento se llev\u00f3 a cabo en las instalaciones de la PVC y fue presidido por el Secretario de la UAC en representaci\u00f3n del Rector, el representante de la Coordinadora de la Unidad Torre\u00f3n, Lic. Israel Castillo Hern\u00e1ndez, y la Directora de la escuela M.C. Jessica Zapata Escalera, as\u00ed como los secretarios acad\u00e9mico y administrativo.Asistieron numerosos invitados especiales, familiares y alumnos, que abarrotaron el auditorio del plantel.<\/p>\n","protected":false},"excerpt":{"rendered":"<p>12 de abril de 2024.-La Escuela de Bachilleres Venustiano Carranza de la Universidad Aut\u00f3noma de Coahuila otorg\u00f3 la presea Peveciano Distinguido Apache a cuatro exalumnos dentro de la Semana Cultural y Deportiva 2024. En esta ocasi\u00f3n, se otorg\u00f3 la codiciada presea al licenciado \u00d3scar Pimentel Gonz\u00e1lez, actual Secretario de Gobierno de Coahuila, quien fue diputado&#8230;<\/p>\n","protected":false},"author":1,"featured_media":2243,"comment_status":"open","ping_status":"open","sticky":false,"template":"","format":"standard","meta":{"footnotes":""},"categories":[10],"tags":[],"class_list":["post-2242","post","type-post","status-publish","format-standard","has-post-thumbnail","hentry","category-torreon"],"_links":{"self":[{"href":"https:\/\/lagumex.mx\/index\/wp-json\/wp\/v2\/posts\/2242","targetHints":{"allow":["GET"]}}],"collection":[{"href":"https:\/\/lagumex.mx\/index\/wp-json\/wp\/v2\/posts"}],"about":[{"href":"https:\/\/lagumex.mx\/index\/wp-json\/wp\/v2\/types\/post"}],"author":[{"embeddable":true,"href":"https:\/\/lagumex.mx\/index\/wp-json\/wp\/v2\/users\/1"}],"replies":[{"embeddable":true,"href":"https:\/\/lagumex.mx\/index\/wp-json\/wp\/v2\/comments?post=2242"}],"version-history":[{"count":1,"href":"https:\/\/lagumex.mx\/index\/wp-json\/wp\/v2\/posts\/2242\/revisions"}],"predecessor-version":[{"id":2244,"href":"https:\/\/lagumex.mx\/index\/wp-json\/wp\/v2\/posts\/2242\/revisions\/2244"}],"wp:featuredmedia":[{"embeddable":true,"href":"https:\/\/lagumex.mx\/index\/wp-json\/wp\/v2\/media\/2243"}],"wp:attachment":[{"href":"https:\/\/lagumex.mx\/index\/wp-json\/wp\/v2\/media?parent=2242"}],"wp:term":[{"taxonomy":"category","embeddable":true,"href":"https:\/\/lagumex.mx\/index\/wp-json\/wp\/v2\/categories?post=2242"},{"taxonomy":"post_tag","embeddable":true,"href":"https:\/\/lagumex.mx\/index\/wp-json\/wp\/v2\/tags?post=2242"}],"curies":[{"name":"wp","href":"https:\/\/api.w.org\/{rel}","templated":true}]}}