{"id":2239,"date":"2024-04-04T05:15:46","date_gmt":"2024-04-04T05:15:46","guid":{"rendered":"http:\/\/lagumex.mx\/index\/?p=2239"},"modified":"2024-04-12T05:17:16","modified_gmt":"2024-04-12T05:17:16","slug":"realizan-sesion-ordinaria-de-cabildo-numero-73-en-lerdo","status":"publish","type":"post","link":"https:\/\/lagumex.mx\/index\/lerdo\/realizan-sesion-ordinaria-de-cabildo-numero-73-en-lerdo\/","title":{"rendered":"Realizan Sesi\u00f3n Ordinaria de Cabildo n\u00famero 73 en Lerdo"},"content":{"rendered":"\n<p>04 de abril de 2024.- Este jueves 4 de abril, se desarroll\u00f3 la Sesi\u00f3n Ordinaria de Cabildo n\u00famero 73 en el Sal\u00f3n Azul, al interior de la Presidencia Municipal de Lerdo, donde el \u00d3rgano Colegiado aprob\u00f3 por unanimidad tres oficios emitidos por la Comisi\u00f3n de Obras P\u00fablicas.<\/p>\n\n\n\n<p>Autorizando la solicitud para subdividir en dos fracciones una finca urbana ubicada en avenida Francisco Javier Mina, colonia Juan Jos\u00e9 Rojas, Villa Le\u00f3n Guzm\u00e1n, con una superficie total de 728.31 metros cuadrados. <\/p>\n\n\n\n<p>Adem\u00e1s, se autorizaron dos oficios para el cambio de uso de suelo de \u00abH-4\u00bb Habitacional Media Baja a \u00abCU-2\u00bb Habitacional y Comercio; el primero, para un negocio comercial (lavander\u00eda) en calle Ram\u00f3n Leyva, colonia San Isidro, que consta de una superficie de 408 metros cuadrados; el segundo, para un \u00abSal\u00f3n de Fiestas Kid&#8217;s\u00bb en calle Nicol\u00e1s Bravo, Ciudad Ju\u00e1rez, con una superficie de 352.62 metros cuadrados.<\/p>\n\n\n\n<p>As\u00ed mismo, se aprob\u00f3 por unanimidad el oficio presentado por la d\u00e9cima segunda regidora Flora Isela Leal M\u00e9ndez, donde solicit\u00f3 la licencia definitiva de su cargo. En Asuntos Generales, el Presidente Municipal Homero Mart\u00ednez Cabrera analiz\u00f3 las propuestas para desarrollar un cabildo infantil en el marco del d\u00eda del ni\u00f1o, y acordar una fecha para la pr\u00f3xima sesi\u00f3n de cabildo itinerante.Tambi\u00e9n, inform\u00f3 a los regidores que el d\u00eda de ayer se finiquit\u00f3 el compromiso del pante\u00f3n municipal en el Ejido Lerdo. A\u00f1adi\u00f3 que se pretende negociar con el ejido un terreno m\u00e1s, para continuar ampliando el camposanto a 7 hect\u00e1reas m\u00e1s y extender hasta 25 a\u00f1os la vida \u00fatil del mismo, de acuerdo al \u00edndice de mortandad que se tiene en el municipio.<\/p>\n","protected":false},"excerpt":{"rendered":"<p>04 de abril de 2024.- Este jueves 4 de abril, se desarroll\u00f3 la Sesi\u00f3n Ordinaria de Cabildo n\u00famero 73 en el Sal\u00f3n Azul, al interior de la Presidencia Municipal de Lerdo, donde el \u00d3rgano Colegiado aprob\u00f3 por unanimidad tres oficios emitidos por la Comisi\u00f3n de Obras P\u00fablicas. Autorizando la solicitud para subdividir en dos fracciones&#8230;<\/p>\n","protected":false},"author":1,"featured_media":2240,"comment_status":"open","ping_status":"open","sticky":false,"template":"","format":"standard","meta":{"footnotes":""},"categories":[3],"tags":[],"class_list":["post-2239","post","type-post","status-publish","format-standard","has-post-thumbnail","hentry","category-lerdo"],"_links":{"self":[{"href":"https:\/\/lagumex.mx\/index\/wp-json\/wp\/v2\/posts\/2239","targetHints":{"allow":["GET"]}}],"collection":[{"href":"https:\/\/lagumex.mx\/index\/wp-json\/wp\/v2\/posts"}],"about":[{"href":"https:\/\/lagumex.mx\/index\/wp-json\/wp\/v2\/types\/post"}],"author":[{"embeddable":true,"href":"https:\/\/lagumex.mx\/index\/wp-json\/wp\/v2\/users\/1"}],"replies":[{"embeddable":true,"href":"https:\/\/lagumex.mx\/index\/wp-json\/wp\/v2\/comments?post=2239"}],"version-history":[{"count":1,"href":"https:\/\/lagumex.mx\/index\/wp-json\/wp\/v2\/posts\/2239\/revisions"}],"predecessor-version":[{"id":2241,"href":"https:\/\/lagumex.mx\/index\/wp-json\/wp\/v2\/posts\/2239\/revisions\/2241"}],"wp:featuredmedia":[{"embeddable":true,"href":"https:\/\/lagumex.mx\/index\/wp-json\/wp\/v2\/media\/2240"}],"wp:attachment":[{"href":"https:\/\/lagumex.mx\/index\/wp-json\/wp\/v2\/media?parent=2239"}],"wp:term":[{"taxonomy":"category","embeddable":true,"href":"https:\/\/lagumex.mx\/index\/wp-json\/wp\/v2\/categories?post=2239"},{"taxonomy":"post_tag","embeddable":true,"href":"https:\/\/lagumex.mx\/index\/wp-json\/wp\/v2\/tags?post=2239"}],"curies":[{"name":"wp","href":"https:\/\/api.w.org\/{rel}","templated":true}]}}