{"id":2218,"date":"2024-04-11T05:07:08","date_gmt":"2024-04-11T05:07:08","guid":{"rendered":"http:\/\/lagumex.mx\/index\/?p=2218"},"modified":"2024-04-12T05:08:37","modified_gmt":"2024-04-12T05:08:37","slug":"lerdo-conmemoro-el-105-aniversario-luctuoso-de-el-caudillo-del-sur-el-general-emiliano-zapata","status":"publish","type":"post","link":"https:\/\/lagumex.mx\/index\/lerdo\/lerdo-conmemoro-el-105-aniversario-luctuoso-de-el-caudillo-del-sur-el-general-emiliano-zapata\/","title":{"rendered":"Lerdo conmemor\u00f3 el 105 aniversario luctuoso de \u201cEl Caudillo del Sur\u201d, el General Emiliano Zapata"},"content":{"rendered":"\n<p>11 de abril de 2024.- La direcci\u00f3n de Educaci\u00f3n en el municipio de\u00a0<strong>Lerdo conmemor\u00f3 el 105 aniversario luctuoso de \u201cEl Caudillo del Sur\u201d, el General Emiliano Zapata<\/strong>, frente al asta monumental en la plaza principal de la ciudad este mi\u00e9rcoles 10 de abril. Durante el acto c\u00edvico, se llevaron a cabo los honores a la bandera con la participaci\u00f3n de la escolta y banda de guerra de la<strong>\u00a0Escuela Secundaria General Ricardo Flores Mag\u00f3n<\/strong>, as\u00ed como la intervenci\u00f3n de la Banda de M\u00fasica No. 2 del Estado de Durango. La rese\u00f1a hist\u00f3rica estuvo a cargo de la alumna de la Secundaria Ricardo Flores Mag\u00f3n, Evelyn Gel Samaniego, quien destac\u00f3 los\u00a0<strong>logros del revolucionario mexicano que en el a\u00f1o de 1906<\/strong>\u00a0encabez\u00f3 la rebeli\u00f3n contra los hacendados azucareros, y en 1909 organiz\u00f3 la Junta de Defensa para repartir la tierra entre los campesinos. Tambi\u00e9n, fue presidente del\u00a0<strong>Consejo Regente en Anenecuilco<\/strong>, que defiende las tierras del pueblo. A sus 30 a\u00f1os, dirigente agrario de Morelos, donde analiz\u00f3 documentos que acreditaban los derechos de propiedad de los pueblos sobre sus tierras. Particip\u00f3 en reuniones celebradas en Villa de Ayala, cuyas reflexiones se plasmaron en el Plan de Ayala, que representaba una reforma agraria radical, \u201cLa tierra es de quien la trabaja\u201d, este aporta temas como el reparto agrario y la protecci\u00f3n viudas y hu\u00e9rfanos provocadas por la revoluci\u00f3n.<\/p>\n","protected":false},"excerpt":{"rendered":"<p>11 de abril de 2024.- La direcci\u00f3n de Educaci\u00f3n en el municipio de\u00a0Lerdo conmemor\u00f3 el 105 aniversario luctuoso de \u201cEl Caudillo del Sur\u201d, el General Emiliano Zapata, frente al asta monumental en la plaza principal de la ciudad este mi\u00e9rcoles 10 de abril. Durante el acto c\u00edvico, se llevaron a cabo los honores a la&#8230;<\/p>\n","protected":false},"author":1,"featured_media":2219,"comment_status":"open","ping_status":"open","sticky":false,"template":"","format":"standard","meta":{"footnotes":""},"categories":[3],"tags":[],"class_list":["post-2218","post","type-post","status-publish","format-standard","has-post-thumbnail","hentry","category-lerdo"],"_links":{"self":[{"href":"https:\/\/lagumex.mx\/index\/wp-json\/wp\/v2\/posts\/2218","targetHints":{"allow":["GET"]}}],"collection":[{"href":"https:\/\/lagumex.mx\/index\/wp-json\/wp\/v2\/posts"}],"about":[{"href":"https:\/\/lagumex.mx\/index\/wp-json\/wp\/v2\/types\/post"}],"author":[{"embeddable":true,"href":"https:\/\/lagumex.mx\/index\/wp-json\/wp\/v2\/users\/1"}],"replies":[{"embeddable":true,"href":"https:\/\/lagumex.mx\/index\/wp-json\/wp\/v2\/comments?post=2218"}],"version-history":[{"count":1,"href":"https:\/\/lagumex.mx\/index\/wp-json\/wp\/v2\/posts\/2218\/revisions"}],"predecessor-version":[{"id":2220,"href":"https:\/\/lagumex.mx\/index\/wp-json\/wp\/v2\/posts\/2218\/revisions\/2220"}],"wp:featuredmedia":[{"embeddable":true,"href":"https:\/\/lagumex.mx\/index\/wp-json\/wp\/v2\/media\/2219"}],"wp:attachment":[{"href":"https:\/\/lagumex.mx\/index\/wp-json\/wp\/v2\/media?parent=2218"}],"wp:term":[{"taxonomy":"category","embeddable":true,"href":"https:\/\/lagumex.mx\/index\/wp-json\/wp\/v2\/categories?post=2218"},{"taxonomy":"post_tag","embeddable":true,"href":"https:\/\/lagumex.mx\/index\/wp-json\/wp\/v2\/tags?post=2218"}],"curies":[{"name":"wp","href":"https:\/\/api.w.org\/{rel}","templated":true}]}}