{"id":2215,"date":"2024-04-12T01:05:00","date_gmt":"2024-04-12T01:05:00","guid":{"rendered":"http:\/\/lagumex.mx\/index\/?p=2215"},"modified":"2024-04-12T05:07:06","modified_gmt":"2024-04-12T05:07:06","slug":"lerdo-solicitara-a-conagua-revision-de-concesiones-de-pozos-de-agua","status":"publish","type":"post","link":"https:\/\/lagumex.mx\/index\/lerdo\/lerdo-solicitara-a-conagua-revision-de-concesiones-de-pozos-de-agua\/","title":{"rendered":"Lerdo solicitar\u00e1 a CONAGUA revisi\u00f3n de concesiones de pozos de agua"},"content":{"rendered":"\n<p>12 de abril de 2024.- El alcalde, Homero Mart\u00ednez Cabrera, solicitar\u00e1 a la\u00a0<strong>Comisi\u00f3n Nacional del Agua\u00a0<\/strong>una revisi\u00f3n de por lo menos\u00a0<strong>ocho pozos pertenecientes a un solo propietario<\/strong>, adem\u00e1s, aunado que dicho usuario no ha pagado impuestos por concepto de predial. El alcalde, precis\u00f3 que esta problem\u00e1tica la detectaron en la\u00a0<strong>Villa de Nazareno<\/strong>, donde incluso el empresario al cual se aludi\u00f3 cuenta con un rezago de pago del predial por alrededor de los 40 millones de pesos. \u201cAll\u00e1 en la Villa de Nazareno tenemos una problem\u00e1tica donde cada vez est\u00e1 m\u00e1s profundo sacar el agua, a m\u00ed me toc\u00f3 perforar, se perfor\u00f3 425 metros de profundidad, ah\u00ed tenemos una\u00a0<strong>problem\u00e1tica con un empresario, Juan Armend\u00e1riz<\/strong>, tiene un vergel que tiene ocho pozos en bater\u00eda muy cerca de los de ac\u00e1 del Municipio, resulta que se nos est\u00e1n abatiendo, resulta muy seguramente qu\u00e9 hay una explotaci\u00f3n del manto y eso voy a pedir a la Comisi\u00f3n Nacional del agua que nos ayude a revisar\u201d, detall\u00f3 el edil.<\/p>\n","protected":false},"excerpt":{"rendered":"<p>12 de abril de 2024.- El alcalde, Homero Mart\u00ednez Cabrera, solicitar\u00e1 a la\u00a0Comisi\u00f3n Nacional del Agua\u00a0una revisi\u00f3n de por lo menos\u00a0ocho pozos pertenecientes a un solo propietario, adem\u00e1s, aunado que dicho usuario no ha pagado impuestos por concepto de predial. El alcalde, precis\u00f3 que esta problem\u00e1tica la detectaron en la\u00a0Villa de Nazareno, donde incluso el&#8230;<\/p>\n","protected":false},"author":1,"featured_media":2216,"comment_status":"open","ping_status":"open","sticky":false,"template":"","format":"standard","meta":{"footnotes":""},"categories":[3],"tags":[],"class_list":["post-2215","post","type-post","status-publish","format-standard","has-post-thumbnail","hentry","category-lerdo"],"_links":{"self":[{"href":"https:\/\/lagumex.mx\/index\/wp-json\/wp\/v2\/posts\/2215","targetHints":{"allow":["GET"]}}],"collection":[{"href":"https:\/\/lagumex.mx\/index\/wp-json\/wp\/v2\/posts"}],"about":[{"href":"https:\/\/lagumex.mx\/index\/wp-json\/wp\/v2\/types\/post"}],"author":[{"embeddable":true,"href":"https:\/\/lagumex.mx\/index\/wp-json\/wp\/v2\/users\/1"}],"replies":[{"embeddable":true,"href":"https:\/\/lagumex.mx\/index\/wp-json\/wp\/v2\/comments?post=2215"}],"version-history":[{"count":1,"href":"https:\/\/lagumex.mx\/index\/wp-json\/wp\/v2\/posts\/2215\/revisions"}],"predecessor-version":[{"id":2217,"href":"https:\/\/lagumex.mx\/index\/wp-json\/wp\/v2\/posts\/2215\/revisions\/2217"}],"wp:featuredmedia":[{"embeddable":true,"href":"https:\/\/lagumex.mx\/index\/wp-json\/wp\/v2\/media\/2216"}],"wp:attachment":[{"href":"https:\/\/lagumex.mx\/index\/wp-json\/wp\/v2\/media?parent=2215"}],"wp:term":[{"taxonomy":"category","embeddable":true,"href":"https:\/\/lagumex.mx\/index\/wp-json\/wp\/v2\/categories?post=2215"},{"taxonomy":"post_tag","embeddable":true,"href":"https:\/\/lagumex.mx\/index\/wp-json\/wp\/v2\/tags?post=2215"}],"curies":[{"name":"wp","href":"https:\/\/api.w.org\/{rel}","templated":true}]}}