{"id":2205,"date":"2024-04-02T16:44:53","date_gmt":"2024-04-02T16:44:53","guid":{"rendered":"http:\/\/lagumex.mx\/index\/?p=2205"},"modified":"2024-04-03T16:46:20","modified_gmt":"2024-04-03T16:46:20","slug":"extiende-gobierno-federal-contrato-por-tres-meses-mas-a-trabajadores-de-la-salud","status":"publish","type":"post","link":"https:\/\/lagumex.mx\/index\/durango\/extiende-gobierno-federal-contrato-por-tres-meses-mas-a-trabajadores-de-la-salud\/","title":{"rendered":"Extiende Gobierno federal contrato por tres meses m\u00e1s a trabajadores de la Salud"},"content":{"rendered":"\n<p>02 de abril de 2024.<strong>Tras el despido de m\u00e1s de 500 trabajadores del sector salud que se registr\u00f3 el pasado lunes,<\/strong>\u00a0el gobernador de Durango, Esteban Villegas Villarreal, anunci\u00f3 que luego de una comunicaci\u00f3n con el equipo de\u00a0<strong><em><a href=\"https:\/\/www.elsoldedurango.com.mx\/tags\/temas\/IMSS_Bienestar\">IMSS Bienestar<\/a><\/em><\/strong>,\u00a0<strong>se lleg\u00f3 a la decisi\u00f3n de que el contrato se les extender\u00e1 por tres meses m\u00e1s.<\/strong> <strong>Por lo que con esto le da la posibilidad al Gobierno del Estado, de contar con la plantilla de empleados que se ten\u00eda para las diversas unidades m\u00e9dicas<\/strong>, entre estas los hospitales como el General 450 que se encuentra en la ciudad de Durango y el de G\u00f3mez Palacio,\u00a0<strong>al menos hasta el mes de julio.<\/strong><\/p>\n","protected":false},"excerpt":{"rendered":"<p>02 de abril de 2024.Tras el despido de m\u00e1s de 500 trabajadores del sector salud que se registr\u00f3 el pasado lunes,\u00a0el gobernador de Durango, Esteban Villegas Villarreal, anunci\u00f3 que luego de una comunicaci\u00f3n con el equipo de\u00a0IMSS Bienestar,\u00a0se lleg\u00f3 a la decisi\u00f3n de que el contrato se les extender\u00e1 por tres meses m\u00e1s. Por lo&#8230;<\/p>\n","protected":false},"author":1,"featured_media":2206,"comment_status":"open","ping_status":"open","sticky":false,"template":"","format":"standard","meta":{"footnotes":""},"categories":[1],"tags":[],"class_list":["post-2205","post","type-post","status-publish","format-standard","has-post-thumbnail","hentry","category-durango"],"_links":{"self":[{"href":"https:\/\/lagumex.mx\/index\/wp-json\/wp\/v2\/posts\/2205","targetHints":{"allow":["GET"]}}],"collection":[{"href":"https:\/\/lagumex.mx\/index\/wp-json\/wp\/v2\/posts"}],"about":[{"href":"https:\/\/lagumex.mx\/index\/wp-json\/wp\/v2\/types\/post"}],"author":[{"embeddable":true,"href":"https:\/\/lagumex.mx\/index\/wp-json\/wp\/v2\/users\/1"}],"replies":[{"embeddable":true,"href":"https:\/\/lagumex.mx\/index\/wp-json\/wp\/v2\/comments?post=2205"}],"version-history":[{"count":1,"href":"https:\/\/lagumex.mx\/index\/wp-json\/wp\/v2\/posts\/2205\/revisions"}],"predecessor-version":[{"id":2207,"href":"https:\/\/lagumex.mx\/index\/wp-json\/wp\/v2\/posts\/2205\/revisions\/2207"}],"wp:featuredmedia":[{"embeddable":true,"href":"https:\/\/lagumex.mx\/index\/wp-json\/wp\/v2\/media\/2206"}],"wp:attachment":[{"href":"https:\/\/lagumex.mx\/index\/wp-json\/wp\/v2\/media?parent=2205"}],"wp:term":[{"taxonomy":"category","embeddable":true,"href":"https:\/\/lagumex.mx\/index\/wp-json\/wp\/v2\/categories?post=2205"},{"taxonomy":"post_tag","embeddable":true,"href":"https:\/\/lagumex.mx\/index\/wp-json\/wp\/v2\/tags?post=2205"}],"curies":[{"name":"wp","href":"https:\/\/api.w.org\/{rel}","templated":true}]}}