{"id":2172,"date":"2024-03-01T00:14:23","date_gmt":"2024-03-01T00:14:23","guid":{"rendered":"http:\/\/lagumex.mx\/index\/?p=2172"},"modified":"2024-03-10T00:15:01","modified_gmt":"2024-03-10T00:15:01","slug":"proteccion-civil-continua-brindando-capacitaciones-sobre-medidas-de-prevencion","status":"publish","type":"post","link":"https:\/\/lagumex.mx\/index\/lerdo\/proteccion-civil-continua-brindando-capacitaciones-sobre-medidas-de-prevencion\/","title":{"rendered":"Protecci\u00f3n Civil contin\u00faa brindando capacitaciones sobre medidas de prevenci\u00f3n"},"content":{"rendered":"\n<p>01 de marzo de 2024.- La coordinaci\u00f3n de Protecci\u00f3n Civil y Bomberos en Lerdo visit\u00f3 el Jard\u00edn de Ni\u00f1os \u00abBenito Ju\u00e1rez\u00bb en Ciudad Ju\u00e1rez con el objetivo de continuar capacitando a los infantes sobre las medidas de prevenci\u00f3n a seguir ante cualquier emergencia. Se present\u00f3 a los ni\u00f1os los n\u00fameros de emergencia a los que pueden comunicarse, as\u00ed mismo, se les instruy\u00f3 sobre qu\u00e9 hacer antes, durante y despu\u00e9s de un siniestro, c\u00f3mo protegerse en temporadas de lluvia y calor, y c\u00f3mo actuar en caso de incendio. <\/p>\n\n\n\n<p>Estas capacitaciones forman parte de un esfuerzo de la dependencia para involucrar al personal educativo y a los padres de familia en la seguridad de sus hijos, asegur\u00e1ndose de que se tomen todas las medidas de preventivas necesarias en los planteles educativos.<\/p>\n\n\n\n<p>En caso de emergencia, es de suma importancia comunicarse al tel\u00e9fono coordinado por el C4, marcando 911, o al n\u00famero de bomberos 871 159 2676, disponibles las 24 horas del d\u00eda.<\/p>\n","protected":false},"excerpt":{"rendered":"<p>01 de marzo de 2024.- La coordinaci\u00f3n de Protecci\u00f3n Civil y Bomberos en Lerdo visit\u00f3 el Jard\u00edn de Ni\u00f1os \u00abBenito Ju\u00e1rez\u00bb en Ciudad Ju\u00e1rez con el objetivo de continuar capacitando a los infantes sobre las medidas de prevenci\u00f3n a seguir ante cualquier emergencia. Se present\u00f3 a los ni\u00f1os los n\u00fameros de emergencia a los que&#8230;<\/p>\n","protected":false},"author":1,"featured_media":0,"comment_status":"open","ping_status":"open","sticky":false,"template":"","format":"standard","meta":{"footnotes":""},"categories":[3],"tags":[],"class_list":["post-2172","post","type-post","status-publish","format-standard","hentry","category-lerdo"],"_links":{"self":[{"href":"https:\/\/lagumex.mx\/index\/wp-json\/wp\/v2\/posts\/2172","targetHints":{"allow":["GET"]}}],"collection":[{"href":"https:\/\/lagumex.mx\/index\/wp-json\/wp\/v2\/posts"}],"about":[{"href":"https:\/\/lagumex.mx\/index\/wp-json\/wp\/v2\/types\/post"}],"author":[{"embeddable":true,"href":"https:\/\/lagumex.mx\/index\/wp-json\/wp\/v2\/users\/1"}],"replies":[{"embeddable":true,"href":"https:\/\/lagumex.mx\/index\/wp-json\/wp\/v2\/comments?post=2172"}],"version-history":[{"count":1,"href":"https:\/\/lagumex.mx\/index\/wp-json\/wp\/v2\/posts\/2172\/revisions"}],"predecessor-version":[{"id":2173,"href":"https:\/\/lagumex.mx\/index\/wp-json\/wp\/v2\/posts\/2172\/revisions\/2173"}],"wp:attachment":[{"href":"https:\/\/lagumex.mx\/index\/wp-json\/wp\/v2\/media?parent=2172"}],"wp:term":[{"taxonomy":"category","embeddable":true,"href":"https:\/\/lagumex.mx\/index\/wp-json\/wp\/v2\/categories?post=2172"},{"taxonomy":"post_tag","embeddable":true,"href":"https:\/\/lagumex.mx\/index\/wp-json\/wp\/v2\/tags?post=2172"}],"curies":[{"name":"wp","href":"https:\/\/api.w.org\/{rel}","templated":true}]}}