{"id":2169,"date":"2024-03-02T00:13:33","date_gmt":"2024-03-02T00:13:33","guid":{"rendered":"http:\/\/lagumex.mx\/index\/?p=2169"},"modified":"2024-03-10T00:14:22","modified_gmt":"2024-03-10T00:14:22","slug":"el-refugio-para-mujeres-ya-es-toda-una-realidad-maria-del-refugio-adame-guereca","status":"publish","type":"post","link":"https:\/\/lagumex.mx\/index\/lerdo\/el-refugio-para-mujeres-ya-es-toda-una-realidad-maria-del-refugio-adame-guereca\/","title":{"rendered":"El Refugio para mujeres ya es toda una realidad: Mar\u00eda del Refugio Adame G\u00fcereca"},"content":{"rendered":"\n<p>02 de marzo de 2024.- Para el Instituto Municipal de la Mujer de Lerdo, (IMM), es indispensable contar con los servicios del Refugio Para Mujeres, el cual ya es toda una realidad y tiene la capacidad de albergar a 11 mujeres acompa\u00f1adas por sus hijos e hijas, donde se mantendr\u00e1n seguras y con diversos servicios en pro de su tranquilidad y seguridad. Mar\u00eda del Refugio Adame G\u00fcereca, directora del Instituto Municipal de la Mujer (IMM), comparti\u00f3 que afortunadamente ya empezaron a brindar el servicio y fue precisamente a una usuaria que necesit\u00f3 permanecer durante un tiempo considerable en dicha instancia. \u201cTenemos el \u00e1rea de atenci\u00f3n psicol\u00f3gica, Jur\u00eddica y sobre todo, la primera, la de salud mental es cuando las usuarias llegan muy da\u00f1adas ah\u00ed interviene el \u00e1rea de Trabajo Social\u201d, sostuvo.<\/p>\n","protected":false},"excerpt":{"rendered":"<p>02 de marzo de 2024.- Para el Instituto Municipal de la Mujer de Lerdo, (IMM), es indispensable contar con los servicios del Refugio Para Mujeres, el cual ya es toda una realidad y tiene la capacidad de albergar a 11 mujeres acompa\u00f1adas por sus hijos e hijas, donde se mantendr\u00e1n seguras y con diversos servicios&#8230;<\/p>\n","protected":false},"author":1,"featured_media":2170,"comment_status":"open","ping_status":"open","sticky":false,"template":"","format":"standard","meta":{"footnotes":""},"categories":[3],"tags":[],"class_list":["post-2169","post","type-post","status-publish","format-standard","has-post-thumbnail","hentry","category-lerdo"],"_links":{"self":[{"href":"https:\/\/lagumex.mx\/index\/wp-json\/wp\/v2\/posts\/2169","targetHints":{"allow":["GET"]}}],"collection":[{"href":"https:\/\/lagumex.mx\/index\/wp-json\/wp\/v2\/posts"}],"about":[{"href":"https:\/\/lagumex.mx\/index\/wp-json\/wp\/v2\/types\/post"}],"author":[{"embeddable":true,"href":"https:\/\/lagumex.mx\/index\/wp-json\/wp\/v2\/users\/1"}],"replies":[{"embeddable":true,"href":"https:\/\/lagumex.mx\/index\/wp-json\/wp\/v2\/comments?post=2169"}],"version-history":[{"count":1,"href":"https:\/\/lagumex.mx\/index\/wp-json\/wp\/v2\/posts\/2169\/revisions"}],"predecessor-version":[{"id":2171,"href":"https:\/\/lagumex.mx\/index\/wp-json\/wp\/v2\/posts\/2169\/revisions\/2171"}],"wp:featuredmedia":[{"embeddable":true,"href":"https:\/\/lagumex.mx\/index\/wp-json\/wp\/v2\/media\/2170"}],"wp:attachment":[{"href":"https:\/\/lagumex.mx\/index\/wp-json\/wp\/v2\/media?parent=2169"}],"wp:term":[{"taxonomy":"category","embeddable":true,"href":"https:\/\/lagumex.mx\/index\/wp-json\/wp\/v2\/categories?post=2169"},{"taxonomy":"post_tag","embeddable":true,"href":"https:\/\/lagumex.mx\/index\/wp-json\/wp\/v2\/tags?post=2169"}],"curies":[{"name":"wp","href":"https:\/\/api.w.org\/{rel}","templated":true}]}}