{"id":2161,"date":"2024-03-05T00:10:41","date_gmt":"2024-03-05T00:10:41","guid":{"rendered":"http:\/\/lagumex.mx\/index\/?p=2161"},"modified":"2024-03-10T00:11:36","modified_gmt":"2024-03-10T00:11:36","slug":"pc-de-lerdo-exhorta-a-ciudadania-evitar-correr-riesgo-en-canales","status":"publish","type":"post","link":"https:\/\/lagumex.mx\/index\/gomez-palacio\/pc-de-lerdo-exhorta-a-ciudadania-evitar-correr-riesgo-en-canales\/","title":{"rendered":"PC de Lerdo exhorta a ciudadan\u00eda evitar correr riesgo en canales"},"content":{"rendered":"\n<p>05 de marzo de 2024.-  Mar\u00eda Isabel Mac\u00edas Sifuentes, coordinadora de Protecci\u00f3n Civil en Lerdo, dio a conocer que para este Ciclo Agr\u00edcola Primavera verano 2024 en el que se estar\u00e1n aperturando las compuertas de los canales de riego, ser\u00e1 el d\u00eda 09 de Marzo cuando la Presa L\u00e1zaro C\u00e1rdenas y el d\u00eda 15 la Francisco Zarco, lo cual representar\u00e1 un reto para evitar que se registren accidentes y evitar que haya decesos por introducirse en dichos flujos de agua.<\/p>\n\n\n\n<p>Destac\u00f3 la funcionaria que durante el a\u00f1o 2023 lamentablemente se registraron dos decesos de personas que murieron ahogados, y se busca evitar a toda costa que haya m\u00e1s de estos fat\u00eddicos sucesos.<\/p>\n","protected":false},"excerpt":{"rendered":"<p>05 de marzo de 2024.- Mar\u00eda Isabel Mac\u00edas Sifuentes, coordinadora de Protecci\u00f3n Civil en Lerdo, dio a conocer que para este Ciclo Agr\u00edcola Primavera verano 2024 en el que se estar\u00e1n aperturando las compuertas de los canales de riego, ser\u00e1 el d\u00eda 09 de Marzo cuando la Presa L\u00e1zaro C\u00e1rdenas y el d\u00eda 15 la&#8230;<\/p>\n","protected":false},"author":1,"featured_media":2162,"comment_status":"open","ping_status":"open","sticky":false,"template":"","format":"standard","meta":{"footnotes":""},"categories":[12],"tags":[],"class_list":["post-2161","post","type-post","status-publish","format-standard","has-post-thumbnail","hentry","category-gomez-palacio"],"_links":{"self":[{"href":"https:\/\/lagumex.mx\/index\/wp-json\/wp\/v2\/posts\/2161","targetHints":{"allow":["GET"]}}],"collection":[{"href":"https:\/\/lagumex.mx\/index\/wp-json\/wp\/v2\/posts"}],"about":[{"href":"https:\/\/lagumex.mx\/index\/wp-json\/wp\/v2\/types\/post"}],"author":[{"embeddable":true,"href":"https:\/\/lagumex.mx\/index\/wp-json\/wp\/v2\/users\/1"}],"replies":[{"embeddable":true,"href":"https:\/\/lagumex.mx\/index\/wp-json\/wp\/v2\/comments?post=2161"}],"version-history":[{"count":1,"href":"https:\/\/lagumex.mx\/index\/wp-json\/wp\/v2\/posts\/2161\/revisions"}],"predecessor-version":[{"id":2163,"href":"https:\/\/lagumex.mx\/index\/wp-json\/wp\/v2\/posts\/2161\/revisions\/2163"}],"wp:featuredmedia":[{"embeddable":true,"href":"https:\/\/lagumex.mx\/index\/wp-json\/wp\/v2\/media\/2162"}],"wp:attachment":[{"href":"https:\/\/lagumex.mx\/index\/wp-json\/wp\/v2\/media?parent=2161"}],"wp:term":[{"taxonomy":"category","embeddable":true,"href":"https:\/\/lagumex.mx\/index\/wp-json\/wp\/v2\/categories?post=2161"},{"taxonomy":"post_tag","embeddable":true,"href":"https:\/\/lagumex.mx\/index\/wp-json\/wp\/v2\/tags?post=2161"}],"curies":[{"name":"wp","href":"https:\/\/api.w.org\/{rel}","templated":true}]}}