{"id":2158,"date":"2024-03-06T00:09:33","date_gmt":"2024-03-06T00:09:33","guid":{"rendered":"http:\/\/lagumex.mx\/index\/?p=2158"},"modified":"2024-03-10T00:10:40","modified_gmt":"2024-03-10T00:10:40","slug":"anuncian-la-adquisicion-de-maquinaria-para-intensificar-la-limpieza","status":"publish","type":"post","link":"https:\/\/lagumex.mx\/index\/lerdo\/anuncian-la-adquisicion-de-maquinaria-para-intensificar-la-limpieza\/","title":{"rendered":"Anuncian la adquisici\u00f3n de maquinaria para intensificar la limpieza"},"content":{"rendered":"\n<p>06 de marzo de 2024. El edil dijo que la basura, el aumento de escombro en las calles, y los lotes bald\u00edos son un tema importante de salud y seguridad, no solo en Lerdo, sino en la Comarca Lagunera, raz\u00f3n por la cual se tom\u00f3 la decisi\u00f3n de optimizar el recurso material y trabajar con un programa agresivo de atenci\u00f3n a las diferentes zonas que representan un foco rojo en el municipio. Derivado de la necesidad de que manualmente la limpieza era muy desgastante para el personal de Servicios P\u00fablicos, Homero Mart\u00ednez se\u00f1al\u00f3 que a partir del pasado mi\u00e9rcoles, se emplea maquinaria especial, tales como una barredora y una retroexcavadora, para atender el programa \u00abLimpiemos Lerdo\u00bb. <\/p>\n\n\n\n<p>Durante los primeros d\u00edas de este recorrido especial, se acudi\u00f3 a sectores como Villa Jard\u00edn, el libramiento perif\u00e9rico de la ciudad y la calzada Guadalupe Victoria.<\/p>\n\n\n\n<p>Cabe destacar que a trav\u00e9s de este programa, adem\u00e1s de limpiar las principales v\u00edas de la ciudad, se plantea sumar a los ciudadanos a las acciones, con el objetivo de crear conciencia y una cultura para mantener sus espacios en buen estado.<\/p>\n","protected":false},"excerpt":{"rendered":"<p>06 de marzo de 2024. El edil dijo que la basura, el aumento de escombro en las calles, y los lotes bald\u00edos son un tema importante de salud y seguridad, no solo en Lerdo, sino en la Comarca Lagunera, raz\u00f3n por la cual se tom\u00f3 la decisi\u00f3n de optimizar el recurso material y trabajar con&#8230;<\/p>\n","protected":false},"author":1,"featured_media":2159,"comment_status":"open","ping_status":"open","sticky":false,"template":"","format":"standard","meta":{"footnotes":""},"categories":[3],"tags":[],"class_list":["post-2158","post","type-post","status-publish","format-standard","has-post-thumbnail","hentry","category-lerdo"],"_links":{"self":[{"href":"https:\/\/lagumex.mx\/index\/wp-json\/wp\/v2\/posts\/2158","targetHints":{"allow":["GET"]}}],"collection":[{"href":"https:\/\/lagumex.mx\/index\/wp-json\/wp\/v2\/posts"}],"about":[{"href":"https:\/\/lagumex.mx\/index\/wp-json\/wp\/v2\/types\/post"}],"author":[{"embeddable":true,"href":"https:\/\/lagumex.mx\/index\/wp-json\/wp\/v2\/users\/1"}],"replies":[{"embeddable":true,"href":"https:\/\/lagumex.mx\/index\/wp-json\/wp\/v2\/comments?post=2158"}],"version-history":[{"count":1,"href":"https:\/\/lagumex.mx\/index\/wp-json\/wp\/v2\/posts\/2158\/revisions"}],"predecessor-version":[{"id":2160,"href":"https:\/\/lagumex.mx\/index\/wp-json\/wp\/v2\/posts\/2158\/revisions\/2160"}],"wp:featuredmedia":[{"embeddable":true,"href":"https:\/\/lagumex.mx\/index\/wp-json\/wp\/v2\/media\/2159"}],"wp:attachment":[{"href":"https:\/\/lagumex.mx\/index\/wp-json\/wp\/v2\/media?parent=2158"}],"wp:term":[{"taxonomy":"category","embeddable":true,"href":"https:\/\/lagumex.mx\/index\/wp-json\/wp\/v2\/categories?post=2158"},{"taxonomy":"post_tag","embeddable":true,"href":"https:\/\/lagumex.mx\/index\/wp-json\/wp\/v2\/tags?post=2158"}],"curies":[{"name":"wp","href":"https:\/\/api.w.org\/{rel}","templated":true}]}}