{"id":2128,"date":"2024-02-26T01:06:00","date_gmt":"2024-02-26T01:06:00","guid":{"rendered":"http:\/\/lagumex.mx\/index\/?p=2128"},"modified":"2024-03-01T01:08:07","modified_gmt":"2024-03-01T01:08:07","slug":"propone-rocha-amaro-suspension-de-patria-potestad-a-feminicidas","status":"publish","type":"post","link":"https:\/\/lagumex.mx\/index\/uncategorized\/congreso-de-durango\/propone-rocha-amaro-suspension-de-patria-potestad-a-feminicidas\/","title":{"rendered":"Propone Rocha Amaro suspensi\u00f3n de patria potestad a feminicidas"},"content":{"rendered":"\n<p>26 de febrero de 2024.-*Desde la vinculaci\u00f3n a proceso; precisa.<\/p>\n\n\n\n<p>Con la finalidad de establecer como causa de suspensi\u00f3n de la patria potestad, el auto de vinculaci\u00f3n a proceso por delito de feminicidio o su tentativa en contra de la madre de las ni\u00f1as, ni\u00f1os y adolescentes, el diputado Fernando Rocha Amaro propuso reformas al C\u00f3digo Civil del Estado.<\/p>\n\n\n\n<p>\u201cComo lo hemos mencionado en otra ocasi\u00f3n, para el caso del feminicidio, no es indispensable esperar a la conclusi\u00f3n del juicio para sancionar con la suspensi\u00f3n de la patria potestad del agresor sobre los hijos de la v\u00edctima y que procrearon en com\u00fan, porque la integridad, salud y vida de esos hijos debe ser considerada desde el primer momento en que exista la sospecha de que su padre ha sido el feminicida\u201d, consider\u00f3.<\/p>\n\n\n\n<p>Al realizar la ampliaci\u00f3n de motivos, subray\u00f3 que la suspensi\u00f3n de la patria potestad, resulta id\u00f3nea para los casos en que las personas que la ejercen se coloquen en una situaci\u00f3n que pueda significar un peligro o causarle alg\u00fan perjuicio al menor de edad sujeto a ella.<\/p>\n\n\n\n<p>\u201cEl delito de feminicidio en contra de una madre, es uno de los actos lesivos m\u00e1s grandes que pueda vivir un infante, lo que sin duda es m\u00e1s dif\u00edcil de sobrellevar cuando el agresor fuere el propio padre del menor\u201d, precis\u00f3 a nombre del Grupo Parlamentario del PAN.<\/p>\n\n\n\n<p>En relaci\u00f3n directa con lo manifestado y propuesto en la actual iniciativa, el legislador record\u00f3 que, el Pleno del Senado aprob\u00f3, en la sesi\u00f3n del 13 de diciembre del a\u00f1o pasado, un dictamen para solicitar a los congresos locales que armonicen su legislaci\u00f3n en materia de guarda, custodia y p\u00e9rdida de la patria potestad en caso de feminicidio, desde el momento de la vinculaci\u00f3n a proceso.<\/p>\n","protected":false},"excerpt":{"rendered":"<p>26 de febrero de 2024.-*Desde la vinculaci\u00f3n a proceso; precisa. Con la finalidad de establecer como causa de suspensi\u00f3n de la patria potestad, el auto de vinculaci\u00f3n a proceso por delito de feminicidio o su tentativa en contra de la madre de las ni\u00f1as, ni\u00f1os y adolescentes, el diputado Fernando Rocha Amaro propuso reformas al&#8230;<\/p>\n","protected":false},"author":1,"featured_media":2129,"comment_status":"open","ping_status":"open","sticky":false,"template":"","format":"standard","meta":{"footnotes":""},"categories":[13],"tags":[],"class_list":["post-2128","post","type-post","status-publish","format-standard","has-post-thumbnail","hentry","category-congreso-de-durango"],"_links":{"self":[{"href":"https:\/\/lagumex.mx\/index\/wp-json\/wp\/v2\/posts\/2128","targetHints":{"allow":["GET"]}}],"collection":[{"href":"https:\/\/lagumex.mx\/index\/wp-json\/wp\/v2\/posts"}],"about":[{"href":"https:\/\/lagumex.mx\/index\/wp-json\/wp\/v2\/types\/post"}],"author":[{"embeddable":true,"href":"https:\/\/lagumex.mx\/index\/wp-json\/wp\/v2\/users\/1"}],"replies":[{"embeddable":true,"href":"https:\/\/lagumex.mx\/index\/wp-json\/wp\/v2\/comments?post=2128"}],"version-history":[{"count":1,"href":"https:\/\/lagumex.mx\/index\/wp-json\/wp\/v2\/posts\/2128\/revisions"}],"predecessor-version":[{"id":2130,"href":"https:\/\/lagumex.mx\/index\/wp-json\/wp\/v2\/posts\/2128\/revisions\/2130"}],"wp:featuredmedia":[{"embeddable":true,"href":"https:\/\/lagumex.mx\/index\/wp-json\/wp\/v2\/media\/2129"}],"wp:attachment":[{"href":"https:\/\/lagumex.mx\/index\/wp-json\/wp\/v2\/media?parent=2128"}],"wp:term":[{"taxonomy":"category","embeddable":true,"href":"https:\/\/lagumex.mx\/index\/wp-json\/wp\/v2\/categories?post=2128"},{"taxonomy":"post_tag","embeddable":true,"href":"https:\/\/lagumex.mx\/index\/wp-json\/wp\/v2\/tags?post=2128"}],"curies":[{"name":"wp","href":"https:\/\/api.w.org\/{rel}","templated":true}]}}