{"id":2125,"date":"2024-01-23T01:05:00","date_gmt":"2024-01-23T01:05:00","guid":{"rendered":"http:\/\/lagumex.mx\/index\/?p=2125"},"modified":"2024-03-01T01:06:22","modified_gmt":"2024-03-01T01:06:22","slug":"pide-fernandez-padilla-mas-cobertura-de-salud-en-zonas-rurales","status":"publish","type":"post","link":"https:\/\/lagumex.mx\/index\/uncategorized\/congreso-de-durango\/pide-fernandez-padilla-mas-cobertura-de-salud-en-zonas-rurales\/","title":{"rendered":"Pide Fern\u00e1ndez Padilla m\u00e1s cobertura de salud en zonas rurales"},"content":{"rendered":"\n<p>23 de febrero de 2024.-Sistema mexicano est\u00e1 fragmentado y segmentado; enfrenta grandes retos<\/p>\n\n\n\n<p>\u201cEs necesario tocar puertas para incrementar la cobertura de salud en las comunidades\u201d, consider\u00f3 el diputado J. Carmen Fern\u00e1ndez Padilla al reconocer que el sistema mexicano de salud est\u00e1 fragmentado y segmentado, con grandes retos que enfrentar al cierre del sexenio\u201d.<\/p>\n\n\n\n<p>Al realizar un pronunciamiento durante la sesi\u00f3n ordinaria, inform\u00f3 que de acuerdo al Instituto de Evaluaci\u00f3n de Pol\u00edticas P\u00fablicas del Estado (Inevap), los municipios de Guadalupe Victoria y Vicente Guerrero, son los que tienen m\u00e1s del 40 por ciento de poblaci\u00f3n con carencia en los servicios de salud.<\/p>\n\n\n\n<p>\u201cNo podemos dejar el asunto de la salud en las manos de un gobierno de un solo orden, sino que es una responsabilidad compartida\u201d, resalt\u00f3.<\/p>\n\n\n\n<p>En el caso del Gobierno del Estado, se\u00f1al\u00f3 que el mandatario estatal, Esteban Villegas Villarreal est\u00e1 haciendo grandes esfuerzos, pr\u00e1cticamente rescatando el sistema de salud con la mejora de espacios e instalaciones, la contrataci\u00f3n de personal y la dotaci\u00f3n de equipamiento en las cuatro jurisdicciones sanitarias del estado, acciones que garantizar\u00e1 la atenci\u00f3n especializada, digna y de calidad para todos los duranguenses.<\/p>\n\n\n\n<p>En lo que se refiere a nivel nacional, el legislador afirm\u00f3 que el sistema de salud mexicano est\u00e1 fragmentado y segmentado, el cual enfrenta enormes retos para garantizar el derecho humano a la salud debido a m\u00faltiples factores.<\/p>\n\n\n\n<p>Record\u00f3 que en el 2021, a la mitad de su mandato, el presidente de M\u00e9xico, dijo que se iban a distribuir los medicamentos hasta los pueblos m\u00e1s apartados, que no iban a faltar o se dejaba de llamar Andr\u00e9s Manuel; pero al d\u00eda de hoy ninguna de las dos cosas ha sucedido.<\/p>\n\n\n\n<p>Si bien, consider\u00f3 que este problema no inici\u00f3 con el actual gobierno, pero a partir de 2019 se ha visto un aumento pronunciado en el desabasto de medicamentos, lo que parece ser que este ha sido un sexenio perdido.<\/p>\n\n\n\n<p>Finalmente, record\u00f3 que la Constituci\u00f3n Pol\u00edtica de los Estados Unidos Mexicanos establece que todas las autoridades, en el \u00e1mbito de sus competencias, tienen la obligaci\u00f3n de promover, respetar, proteger y garantizar los derechos humanos.<\/p>\n","protected":false},"excerpt":{"rendered":"<p>23 de febrero de 2024.-Sistema mexicano est\u00e1 fragmentado y segmentado; enfrenta grandes retos \u201cEs necesario tocar puertas para incrementar la cobertura de salud en las comunidades\u201d, consider\u00f3 el diputado J. Carmen Fern\u00e1ndez Padilla al reconocer que el sistema mexicano de salud est\u00e1 fragmentado y segmentado, con grandes retos que enfrentar al cierre del sexenio\u201d. Al&#8230;<\/p>\n","protected":false},"author":1,"featured_media":2126,"comment_status":"open","ping_status":"open","sticky":false,"template":"","format":"standard","meta":{"footnotes":""},"categories":[13],"tags":[],"class_list":["post-2125","post","type-post","status-publish","format-standard","has-post-thumbnail","hentry","category-congreso-de-durango"],"_links":{"self":[{"href":"https:\/\/lagumex.mx\/index\/wp-json\/wp\/v2\/posts\/2125","targetHints":{"allow":["GET"]}}],"collection":[{"href":"https:\/\/lagumex.mx\/index\/wp-json\/wp\/v2\/posts"}],"about":[{"href":"https:\/\/lagumex.mx\/index\/wp-json\/wp\/v2\/types\/post"}],"author":[{"embeddable":true,"href":"https:\/\/lagumex.mx\/index\/wp-json\/wp\/v2\/users\/1"}],"replies":[{"embeddable":true,"href":"https:\/\/lagumex.mx\/index\/wp-json\/wp\/v2\/comments?post=2125"}],"version-history":[{"count":1,"href":"https:\/\/lagumex.mx\/index\/wp-json\/wp\/v2\/posts\/2125\/revisions"}],"predecessor-version":[{"id":2127,"href":"https:\/\/lagumex.mx\/index\/wp-json\/wp\/v2\/posts\/2125\/revisions\/2127"}],"wp:featuredmedia":[{"embeddable":true,"href":"https:\/\/lagumex.mx\/index\/wp-json\/wp\/v2\/media\/2126"}],"wp:attachment":[{"href":"https:\/\/lagumex.mx\/index\/wp-json\/wp\/v2\/media?parent=2125"}],"wp:term":[{"taxonomy":"category","embeddable":true,"href":"https:\/\/lagumex.mx\/index\/wp-json\/wp\/v2\/categories?post=2125"},{"taxonomy":"post_tag","embeddable":true,"href":"https:\/\/lagumex.mx\/index\/wp-json\/wp\/v2\/tags?post=2125"}],"curies":[{"name":"wp","href":"https:\/\/api.w.org\/{rel}","templated":true}]}}