{"id":2101,"date":"2024-02-25T19:16:19","date_gmt":"2024-02-25T19:16:19","guid":{"rendered":"http:\/\/lagumex.mx\/index\/?p=2101"},"modified":"2024-02-29T19:17:36","modified_gmt":"2024-02-29T19:17:36","slug":"padres-de-familia-y-comunidad-escolar-se-suman-al-compromiso-de-marisol-y-esteban-con-la-ninez-y-la-juventud","status":"publish","type":"post","link":"https:\/\/lagumex.mx\/index\/durango\/padres-de-familia-y-comunidad-escolar-se-suman-al-compromiso-de-marisol-y-esteban-con-la-ninez-y-la-juventud\/","title":{"rendered":"Padres de familia y comunidad escolar se suman al compromiso\u00a0 de Marisol y Esteban con la ni\u00f1ez y la juventud"},"content":{"rendered":"\n<p>25 de febrero de 2024.-  Padres de familia y comunidad escolar se suman al compromiso del gobernador Esteban Villegas, y de la presidenta del DIF Estatal, para fortalecer las estrategias y responder de una mejor manera ante las inquietudes y necesidades de los estudiantes, esto durante el reciente lanzamiento del programa \u201cJornada Permanente de Valores\u201d.\u00a0<\/p>\n\n\n\n<p>Una de las integrantes de las mesas directivas de padres de familia, Norma Bayona Calder\u00f3n de la secundaria \u201cEverardo G\u00e1miz Olivas\u201d de S\u00fachil, agradeci\u00f3 este sistema de acercamiento con los ni\u00f1os y j\u00f3venes, que de una manera muy responsable, podr\u00e1n tener una mayor atenci\u00f3n y de esta forma, poder entenderlos y apoyarlos tanto en temas escolares como diversas situaciones relacionadas con sus estados de \u00e1nimo.&nbsp;<\/p>\n\n\n\n<p>\u201cQue sigan con ese \u00e1nimo el Gobernador y su esposa, son un equipo joven que tienen muchas ganas de trabajar y se les ha visto con lo que han realizado, nuestra admiraci\u00f3n y respeto porque en el municipio de S\u00fachil ellos han apoyado mucho\u201d, agreg\u00f3.<\/p>\n\n\n\n<p>\u201cHemos recibido mucho apoyo por parte de este Gobierno y de un trabajo intenso desde estas mesas, adem\u00e1s de los uniformes, \u00fatiles escolares, atenci\u00f3n en psicolog\u00eda y ahora que ponen a nuestra disposici\u00f3n servicio de lentes y aparatos asistenciales, son una pareja excepcional, mil gracias al Gobernador y su esposa\u201d, dijo Mar\u00eda&nbsp; Gonz\u00e1lez, del Jard\u00edn de Ni\u00f1os \u201cSor Juana In\u00e9s de la Cruz\u201d.<\/p>\n\n\n\n<p>Jazm\u00edn Hern\u00e1ndez de la escuela&nbsp; \u201cH\u00e9roes de Nacozari\u201d de la colonia Guadalupe, mencion\u00f3 que estas actividades son de gran apoyo para saber c\u00f3mo dirigir a los hijos, de igual forma Lul\u00fa Arrollo Santill\u00e1n, manifest\u00f3 su agrado al ver tantos padres unidos por la misma causa, adem\u00e1s de contar con el apoyo del Gobierno Estatal.<\/p>\n\n\n\n<p>Karla Botello Reyes del Ejido Benito Ju\u00e1rez, indic\u00f3 su gran inter\u00e9s de participar en estos comit\u00e9s y rescatar los valores, desde la escuela como el hogar y a su vez, motivan a los padres a tener m\u00e1s contacto con los hijos; \u201cmuy contentos con el trabajo, se nota en un a\u00f1o y medio, y se ve mucho avance\u201d, expres\u00f3, opini\u00f3n a la que se sum\u00f3&nbsp; Mayra Quintero e Irene Morales Carrillo quienes tambi\u00e9n destacaron el impacto de este programa para mejorar la comunicaci\u00f3n con los estudiantes y contribuir a su formaci\u00f3n integral.<\/p>\n","protected":false},"excerpt":{"rendered":"<p>25 de febrero de 2024.- Padres de familia y comunidad escolar se suman al compromiso del gobernador Esteban Villegas, y de la presidenta del DIF Estatal, para fortalecer las estrategias y responder de una mejor manera ante las inquietudes y necesidades de los estudiantes, esto durante el reciente lanzamiento del programa \u201cJornada Permanente de Valores\u201d.\u00a0&#8230;<\/p>\n","protected":false},"author":1,"featured_media":2102,"comment_status":"open","ping_status":"open","sticky":false,"template":"","format":"standard","meta":{"footnotes":""},"categories":[1],"tags":[],"class_list":["post-2101","post","type-post","status-publish","format-standard","has-post-thumbnail","hentry","category-durango"],"_links":{"self":[{"href":"https:\/\/lagumex.mx\/index\/wp-json\/wp\/v2\/posts\/2101","targetHints":{"allow":["GET"]}}],"collection":[{"href":"https:\/\/lagumex.mx\/index\/wp-json\/wp\/v2\/posts"}],"about":[{"href":"https:\/\/lagumex.mx\/index\/wp-json\/wp\/v2\/types\/post"}],"author":[{"embeddable":true,"href":"https:\/\/lagumex.mx\/index\/wp-json\/wp\/v2\/users\/1"}],"replies":[{"embeddable":true,"href":"https:\/\/lagumex.mx\/index\/wp-json\/wp\/v2\/comments?post=2101"}],"version-history":[{"count":1,"href":"https:\/\/lagumex.mx\/index\/wp-json\/wp\/v2\/posts\/2101\/revisions"}],"predecessor-version":[{"id":2103,"href":"https:\/\/lagumex.mx\/index\/wp-json\/wp\/v2\/posts\/2101\/revisions\/2103"}],"wp:featuredmedia":[{"embeddable":true,"href":"https:\/\/lagumex.mx\/index\/wp-json\/wp\/v2\/media\/2102"}],"wp:attachment":[{"href":"https:\/\/lagumex.mx\/index\/wp-json\/wp\/v2\/media?parent=2101"}],"wp:term":[{"taxonomy":"category","embeddable":true,"href":"https:\/\/lagumex.mx\/index\/wp-json\/wp\/v2\/categories?post=2101"},{"taxonomy":"post_tag","embeddable":true,"href":"https:\/\/lagumex.mx\/index\/wp-json\/wp\/v2\/tags?post=2101"}],"curies":[{"name":"wp","href":"https:\/\/api.w.org\/{rel}","templated":true}]}}