{"id":2047,"date":"2024-02-10T14:50:25","date_gmt":"2024-02-10T14:50:25","guid":{"rendered":"http:\/\/lagumex.mx\/index\/?p=2047"},"modified":"2024-02-15T14:51:15","modified_gmt":"2024-02-15T14:51:15","slug":"acude-homero-martinez-a-toma-de-protesta-del-comite-estatal-alianza-magisterial-y-ciudadana-por-la-educacion","status":"publish","type":"post","link":"https:\/\/lagumex.mx\/index\/lerdo\/acude-homero-martinez-a-toma-de-protesta-del-comite-estatal-alianza-magisterial-y-ciudadana-por-la-educacion\/","title":{"rendered":"Acude Homero Mart\u00ednez a toma de protesta del Comit\u00e9 Estatal Alianza Magisterial y Ciudadana por la Educaci\u00f3n"},"content":{"rendered":"\n<p>10 de febrero de 2024.- El Alcalde de Lerdo, Homero Mart\u00ednez Cabrera, junto con la diputada Susy Torrecillas, participaron en la toma de protesta del Comit\u00e9 Estatal de la Alianza Magisterial y Ciudadana por la Educaci\u00f3n, celebrada en el Lobby del Teatro Hermila Galindo, con la presencia de la mesa directiva nacional, encabezada por Rafael Gonz\u00e1lez Sabido.<\/p>\n\n\n\n<p>En el evento, el Dr. Homero Mart\u00ednez expres\u00f3 su agradecimiento por la inclusi\u00f3n de Lerdo en esta comisi\u00f3n, resaltando el compromiso del municipio con la calidad educativa y el bienestar de los estudiantes y docentes. Reconoci\u00f3 la importancia de este comit\u00e9 que velar\u00e1 por mejorar las condiciones en las que los ni\u00f1os reciben educaci\u00f3n. <\/p>\n\n\n\n<p>Finalmente, Fernando Salazar Reyes, quien asumi\u00f3 la presidencia estatal, asegur\u00f3 que cada miembro del comit\u00e9 trabajar\u00e1 activamente en pro de la educaci\u00f3n del estado de Durango.<\/p>\n\n\n\n<p>En la toma de protesta se cont\u00f3 tambi\u00e9n con la presencia de otros miembros destacados como Carlos Ariel Moreira Valdez, Coordinador Nacional de la Comisi\u00f3n Pol\u00edtica Permanente; Silvia Villarreal, Secretaria del Comit\u00e9 Directivo Nacional; y Cristian Bernardo Almeida Reyes, Delegado Nacional en el estado de Durango.<\/p>\n","protected":false},"excerpt":{"rendered":"<p>10 de febrero de 2024.- El Alcalde de Lerdo, Homero Mart\u00ednez Cabrera, junto con la diputada Susy Torrecillas, participaron en la toma de protesta del Comit\u00e9 Estatal de la Alianza Magisterial y Ciudadana por la Educaci\u00f3n, celebrada en el Lobby del Teatro Hermila Galindo, con la presencia de la mesa directiva nacional, encabezada por Rafael&#8230;<\/p>\n","protected":false},"author":1,"featured_media":0,"comment_status":"open","ping_status":"open","sticky":false,"template":"","format":"standard","meta":{"footnotes":""},"categories":[3],"tags":[],"class_list":["post-2047","post","type-post","status-publish","format-standard","hentry","category-lerdo"],"_links":{"self":[{"href":"https:\/\/lagumex.mx\/index\/wp-json\/wp\/v2\/posts\/2047","targetHints":{"allow":["GET"]}}],"collection":[{"href":"https:\/\/lagumex.mx\/index\/wp-json\/wp\/v2\/posts"}],"about":[{"href":"https:\/\/lagumex.mx\/index\/wp-json\/wp\/v2\/types\/post"}],"author":[{"embeddable":true,"href":"https:\/\/lagumex.mx\/index\/wp-json\/wp\/v2\/users\/1"}],"replies":[{"embeddable":true,"href":"https:\/\/lagumex.mx\/index\/wp-json\/wp\/v2\/comments?post=2047"}],"version-history":[{"count":1,"href":"https:\/\/lagumex.mx\/index\/wp-json\/wp\/v2\/posts\/2047\/revisions"}],"predecessor-version":[{"id":2048,"href":"https:\/\/lagumex.mx\/index\/wp-json\/wp\/v2\/posts\/2047\/revisions\/2048"}],"wp:attachment":[{"href":"https:\/\/lagumex.mx\/index\/wp-json\/wp\/v2\/media?parent=2047"}],"wp:term":[{"taxonomy":"category","embeddable":true,"href":"https:\/\/lagumex.mx\/index\/wp-json\/wp\/v2\/categories?post=2047"},{"taxonomy":"post_tag","embeddable":true,"href":"https:\/\/lagumex.mx\/index\/wp-json\/wp\/v2\/tags?post=2047"}],"curies":[{"name":"wp","href":"https:\/\/api.w.org\/{rel}","templated":true}]}}