{"id":2035,"date":"2024-02-14T14:45:15","date_gmt":"2024-02-14T14:45:15","guid":{"rendered":"http:\/\/lagumex.mx\/index\/?p=2035"},"modified":"2024-02-15T14:46:25","modified_gmt":"2024-02-15T14:46:25","slug":"entrega-instituto-de-discapacidad-donaciones-de-ropa-en-estancia-de-lerdo","status":"publish","type":"post","link":"https:\/\/lagumex.mx\/index\/lerdo\/entrega-instituto-de-discapacidad-donaciones-de-ropa-en-estancia-de-lerdo\/","title":{"rendered":"Entrega Instituto de Discapacidad donaciones de ropa en estancia de Lerdo"},"content":{"rendered":"\n<p>14 de febrero de 2024.- El Instituto para la Inclusi\u00f3n y el\u00a0<strong>Desarrollo de las Personas con Discapacidad en el Municipio de Lerdo<\/strong>, acudi\u00f3 a la\u00a0<strong>estancia \u2018Rams\u00e9s\u2019\u00a0<\/strong>para el cuidado del adulto mayor, donde hizo entrega de ropa, producto de los donativos que hace la ciudadan\u00eda de Lerdo. <\/p>\n\n\n\n<p>Por su parte, el se\u00f1or David, quien se encontraba en dicha estancia, aprovech\u00f3 para agradecer al Presidente Municipal Homero Mart\u00ednez por el apoyo y las atenciones. \u201cEstamos muy agradecidos con lo que nos ha ayudado, porque pocos presidentes como \u00e9l. Se lo agradecemos de todo coraz\u00f3n\u201d<\/p>\n\n\n\n<p>Cabe destacar que fue el mes pasado cuando el equipo del Instituto de Discapacidad acudi\u00f3 a dicho sitio para entregar cobijas y cobertores. Finalmente, Karimme Caldera agradeci\u00f3 a quienes participan haciendo sus&nbsp;<strong>donativos.<\/strong><\/p>\n\n\n\n<p>La directora del Instituto, Karimme Lizbeth Caldera Cer\u00f3n, se\u00f1al\u00f3 que gracias a la campa\u00f1a permanente de donaci\u00f3n que se implement\u00f3 en las oficinas de la Unidad&nbsp;<strong>Administrativa de San Isidro<\/strong>, se han recibido muchos art\u00edculos, mismos que son entregados gradualmente a las personas m\u00e1s vulnerables del municipio.<\/p>\n","protected":false},"excerpt":{"rendered":"<p>14 de febrero de 2024.- El Instituto para la Inclusi\u00f3n y el\u00a0Desarrollo de las Personas con Discapacidad en el Municipio de Lerdo, acudi\u00f3 a la\u00a0estancia \u2018Rams\u00e9s\u2019\u00a0para el cuidado del adulto mayor, donde hizo entrega de ropa, producto de los donativos que hace la ciudadan\u00eda de Lerdo. Por su parte, el se\u00f1or David, quien se encontraba&#8230;<\/p>\n","protected":false},"author":1,"featured_media":2036,"comment_status":"open","ping_status":"open","sticky":false,"template":"","format":"standard","meta":{"footnotes":""},"categories":[3],"tags":[],"class_list":["post-2035","post","type-post","status-publish","format-standard","has-post-thumbnail","hentry","category-lerdo"],"_links":{"self":[{"href":"https:\/\/lagumex.mx\/index\/wp-json\/wp\/v2\/posts\/2035","targetHints":{"allow":["GET"]}}],"collection":[{"href":"https:\/\/lagumex.mx\/index\/wp-json\/wp\/v2\/posts"}],"about":[{"href":"https:\/\/lagumex.mx\/index\/wp-json\/wp\/v2\/types\/post"}],"author":[{"embeddable":true,"href":"https:\/\/lagumex.mx\/index\/wp-json\/wp\/v2\/users\/1"}],"replies":[{"embeddable":true,"href":"https:\/\/lagumex.mx\/index\/wp-json\/wp\/v2\/comments?post=2035"}],"version-history":[{"count":1,"href":"https:\/\/lagumex.mx\/index\/wp-json\/wp\/v2\/posts\/2035\/revisions"}],"predecessor-version":[{"id":2037,"href":"https:\/\/lagumex.mx\/index\/wp-json\/wp\/v2\/posts\/2035\/revisions\/2037"}],"wp:featuredmedia":[{"embeddable":true,"href":"https:\/\/lagumex.mx\/index\/wp-json\/wp\/v2\/media\/2036"}],"wp:attachment":[{"href":"https:\/\/lagumex.mx\/index\/wp-json\/wp\/v2\/media?parent=2035"}],"wp:term":[{"taxonomy":"category","embeddable":true,"href":"https:\/\/lagumex.mx\/index\/wp-json\/wp\/v2\/categories?post=2035"},{"taxonomy":"post_tag","embeddable":true,"href":"https:\/\/lagumex.mx\/index\/wp-json\/wp\/v2\/tags?post=2035"}],"curies":[{"name":"wp","href":"https:\/\/api.w.org\/{rel}","templated":true}]}}