{"id":2023,"date":"2024-02-14T13:33:24","date_gmt":"2024-02-14T13:33:24","guid":{"rendered":"http:\/\/lagumex.mx\/index\/?p=2023"},"modified":"2024-02-15T14:35:41","modified_gmt":"2024-02-15T14:35:41","slug":"el-tecno-tiene-amigo-gobernador-sera-clave-para-preparar-jovenes-para-las-nuevas-inversiones-esteban","status":"publish","type":"post","link":"https:\/\/lagumex.mx\/index\/durango\/el-tecno-tiene-amigo-gobernador-sera-clave-para-preparar-jovenes-para-las-nuevas-inversiones-esteban\/","title":{"rendered":"El Tecno tiene amigo Gobernador; ser\u00e1 clave para preparar j\u00f3venes para las nuevas inversiones: Esteban"},"content":{"rendered":"\n<p>Con apoyo del Gobierno Estatal, el Instituto pronto tendr\u00e1n un comedor estudiantil, un domo, una cl\u00ednica y un gimnasio de acondicionamiento f\u00edsico.<\/p>\n\n\n\n<p>14 de febrero de 2024.-\u201cHay que so\u00f1ar en grande, ser disciplinados y constantes, le vamos a cambiar la vida a Durango y entre todos lo vamos a lograr, cuenten con todo mi apoyo y respaldo\u201d, les dijo el gobernador Esteban Villegas Villarreal a la comunidad estudiantil del Instituto Tecnol\u00f3gico de Durango (ITD), al tomar protesta del nuevo Comit\u00e9 Ejecutivo de Sociedad de Alumnos (CESA), encabezado por Axel Arrieta Sol\u00eds.<\/p>\n\n\n\n<p>El Tecno tiene amigo Gobernador, asegur\u00f3 Villegas Villarreal al refrendar su compromiso con los j\u00f3venes estudiantes para que cuenten con mejores condiciones en su instituci\u00f3n y para ello, adelant\u00f3 que pronto tendr\u00e1n un domo y un comedor estudiantil, adem\u00e1s que se contempla la construcci\u00f3n de m\u00e1s laboratorios, porque el ITD merece eso y m\u00e1s.<\/p>\n\n\n\n<p>All\u00ed, inform\u00f3 que en pr\u00f3ximos d\u00edas se reunir\u00e1 con el nuevo presidente del CESA para que conozca lo que se pretende hacer por Durango, proyectos como las nuevas inversiones en los que el Tecnol\u00f3gico ser\u00e1 clave fundamental para lograrlos.<\/p>\n\n\n\n<p>\u201cGobernador, el que usted est\u00e9 aqu\u00ed, es una prueba del compromiso que tiene con la juventud duranguense y con el Tecnol\u00f3gico\u201d, expres\u00f3 el nuevo dirigente de la mesa directiva de la sociedad de alumnos del ITD, Axel Arrieta Sol\u00eds al asegurar que desde su trinchera, trabajar\u00e1 de la mano del Gobierno de Villegas Villarreal, para juntos hacer grandes proyectos.<\/p>\n\n\n\n<p>Tambi\u00e9n,&nbsp; el presidente saliente, Alejandro Medrano Corral, reconoci\u00f3 el apoyo que siempre tuvo del Mandatario Estatal para el bienestar de la comunidad estudiantil.<\/p>\n\n\n\n<p>Por su parte, el director del Instituto Tecnol\u00f3gico, Guillermo de Anda Rodr\u00edguez, reconoci\u00f3 la gratitud del Mandatario Estatal hacia esta Casa de Estudios, ya que gracias a \u00e9l, ya est\u00e1n los recursos para que pronto inicie la construcci\u00f3n de una cl\u00ednica y un gimnasio de acondicionamiento f\u00edsico, adem\u00e1s de compartir que cuentan con un centro cultural que estar\u00e1 en el coraz\u00f3n de la ciudad, donde har\u00e1n un espacio l\u00fadico y un museo interactivo para sumarse al turismo de Durango en las \u00e1reas&nbsp; de ciencia y tecnolog\u00eda.<\/p>\n","protected":false},"excerpt":{"rendered":"<p>Con apoyo del Gobierno Estatal, el Instituto pronto tendr\u00e1n un comedor estudiantil, un domo, una cl\u00ednica y un gimnasio de acondicionamiento f\u00edsico. 14 de febrero de 2024.-\u201cHay que so\u00f1ar en grande, ser disciplinados y constantes, le vamos a cambiar la vida a Durango y entre todos lo vamos a lograr, cuenten con todo mi apoyo&#8230;<\/p>\n","protected":false},"author":1,"featured_media":2024,"comment_status":"open","ping_status":"open","sticky":false,"template":"","format":"standard","meta":{"footnotes":""},"categories":[1],"tags":[],"class_list":["post-2023","post","type-post","status-publish","format-standard","has-post-thumbnail","hentry","category-durango"],"_links":{"self":[{"href":"https:\/\/lagumex.mx\/index\/wp-json\/wp\/v2\/posts\/2023","targetHints":{"allow":["GET"]}}],"collection":[{"href":"https:\/\/lagumex.mx\/index\/wp-json\/wp\/v2\/posts"}],"about":[{"href":"https:\/\/lagumex.mx\/index\/wp-json\/wp\/v2\/types\/post"}],"author":[{"embeddable":true,"href":"https:\/\/lagumex.mx\/index\/wp-json\/wp\/v2\/users\/1"}],"replies":[{"embeddable":true,"href":"https:\/\/lagumex.mx\/index\/wp-json\/wp\/v2\/comments?post=2023"}],"version-history":[{"count":1,"href":"https:\/\/lagumex.mx\/index\/wp-json\/wp\/v2\/posts\/2023\/revisions"}],"predecessor-version":[{"id":2025,"href":"https:\/\/lagumex.mx\/index\/wp-json\/wp\/v2\/posts\/2023\/revisions\/2025"}],"wp:featuredmedia":[{"embeddable":true,"href":"https:\/\/lagumex.mx\/index\/wp-json\/wp\/v2\/media\/2024"}],"wp:attachment":[{"href":"https:\/\/lagumex.mx\/index\/wp-json\/wp\/v2\/media?parent=2023"}],"wp:term":[{"taxonomy":"category","embeddable":true,"href":"https:\/\/lagumex.mx\/index\/wp-json\/wp\/v2\/categories?post=2023"},{"taxonomy":"post_tag","embeddable":true,"href":"https:\/\/lagumex.mx\/index\/wp-json\/wp\/v2\/tags?post=2023"}],"curies":[{"name":"wp","href":"https:\/\/api.w.org\/{rel}","templated":true}]}}