{"id":2011,"date":"2024-02-10T13:28:52","date_gmt":"2024-02-10T13:28:52","guid":{"rendered":"http:\/\/lagumex.mx\/index\/?p=2011"},"modified":"2024-02-15T13:30:11","modified_gmt":"2024-02-15T13:30:11","slug":"en-el-2024-el-ano-de-durango-nos-conviene-estudiar-para-formar-parte-de-las-nuevas-oportunidades-que-trae-esteban","status":"publish","type":"post","link":"https:\/\/lagumex.mx\/index\/durango\/en-el-2024-el-ano-de-durango-nos-conviene-estudiar-para-formar-parte-de-las-nuevas-oportunidades-que-trae-esteban\/","title":{"rendered":"\u201cEn el 2024, el a\u00f1o de Durango, nos conviene estudiar para formar parte de las nuevas oportunidades que trae Esteban\u201d"},"content":{"rendered":"\n<ul class=\"wp-block-list\">\n<li>A trav\u00e9s del proyecto ALFA que impulsa el IDEA en conjunto con el Gobierno Municipal, se grad\u00faan 85 personas de la colonia Gobernadores.<\/li>\n<\/ul>\n\n\n\n<p>10 de febrero de 2024.-Ante el panorama favorable que est\u00e1 teniendo el Estado con la atracci\u00f3n de inversiones, el Gobierno de Esteban fortalece la educaci\u00f3n de j\u00f3venes y adultos, en esta ocasi\u00f3n, habitantes de la colonia Gobernadores pusieron manos a la obra a trav\u00e9s del proyecto ALFA impulsado por el Gobierno Municipal y Estatal, que hizo posible que 85 personas de esta zona de la capital concluyeran con su educaci\u00f3n b\u00e1sica.<\/p>\n\n\n\n<p>\u201cEn el a\u00f1o de Durango, nos conviene estudiar, por ello los aliados a la educaci\u00f3n han crecido con fuerza, por eso en un esfuerzo conjunto entre la Direcci\u00f3n Municipal de Desarrollo Social y Humano, y el Instituto Duranguense de Educaci\u00f3n para J\u00f3venes y Adultos (IDEA), trabajamos para que esta zona de la capital se fortalezca en la educaci\u00f3n y logr\u00e9 en los pr\u00f3ximos meses ser parte de las oportunidades laborales que les ofrecer\u00e1n las nuevas empresas en Durango\u201d, dijo el director general del IDEA, Israel Soto Pe\u00f1a.<\/p>\n\n\n\n<p>El crecimiento en comunidad es indispensable para el desarrollo social, agreg\u00f3 Jorge Herrera Castro, director municipal de Desarrollo Social, qui\u00e9n aprovecho la convivencia de los educandos durante estos meses de clases, para iniciar con el proyecto de un huerto de traspatio que ayudar\u00e1 al comedor del mismo Centro Comunitario de dicha colonia.<\/p>\n\n\n\n<p>La joven graduada Ruth Soledad L\u00f3pez reconoci\u00f3 lo \u00e1gil y flexible que fue concluir con la secundaria, por eso afirm\u00f3 estar motivada para avanzar en su desarrollo educativo y priorizar su crecimiento personal.<\/p>\n\n\n\n<p>\u201cLa educaci\u00f3n transforma la vida de las personas, el adquirir conocimientos nos hace crecer como sociedad, estamos preparados para afrontar las nuevas oportunidades, por eso si\u00e9ntanse orgullosos de lo que han logrado, porque pese a las responsabilidades diarias, han dedicado tiempo para estudiar y han concluido su educaci\u00f3n b\u00e1sica; los invito a continuar con su educaci\u00f3n y a valorar las oportunidades que vendr\u00e1n en el \u00e1mbito laboral para todos, finaliz\u00f3 Soto Pe\u00f1a.<\/p>\n","protected":false},"excerpt":{"rendered":"<p>10 de febrero de 2024.-Ante el panorama favorable que est\u00e1 teniendo el Estado con la atracci\u00f3n de inversiones, el Gobierno de Esteban fortalece la educaci\u00f3n de j\u00f3venes y adultos, en esta ocasi\u00f3n, habitantes de la colonia Gobernadores pusieron manos a la obra a trav\u00e9s del proyecto ALFA impulsado por el Gobierno Municipal y Estatal, que&#8230;<\/p>\n","protected":false},"author":1,"featured_media":2012,"comment_status":"open","ping_status":"open","sticky":false,"template":"","format":"standard","meta":{"footnotes":""},"categories":[1],"tags":[],"class_list":["post-2011","post","type-post","status-publish","format-standard","has-post-thumbnail","hentry","category-durango"],"_links":{"self":[{"href":"https:\/\/lagumex.mx\/index\/wp-json\/wp\/v2\/posts\/2011","targetHints":{"allow":["GET"]}}],"collection":[{"href":"https:\/\/lagumex.mx\/index\/wp-json\/wp\/v2\/posts"}],"about":[{"href":"https:\/\/lagumex.mx\/index\/wp-json\/wp\/v2\/types\/post"}],"author":[{"embeddable":true,"href":"https:\/\/lagumex.mx\/index\/wp-json\/wp\/v2\/users\/1"}],"replies":[{"embeddable":true,"href":"https:\/\/lagumex.mx\/index\/wp-json\/wp\/v2\/comments?post=2011"}],"version-history":[{"count":1,"href":"https:\/\/lagumex.mx\/index\/wp-json\/wp\/v2\/posts\/2011\/revisions"}],"predecessor-version":[{"id":2013,"href":"https:\/\/lagumex.mx\/index\/wp-json\/wp\/v2\/posts\/2011\/revisions\/2013"}],"wp:featuredmedia":[{"embeddable":true,"href":"https:\/\/lagumex.mx\/index\/wp-json\/wp\/v2\/media\/2012"}],"wp:attachment":[{"href":"https:\/\/lagumex.mx\/index\/wp-json\/wp\/v2\/media?parent=2011"}],"wp:term":[{"taxonomy":"category","embeddable":true,"href":"https:\/\/lagumex.mx\/index\/wp-json\/wp\/v2\/categories?post=2011"},{"taxonomy":"post_tag","embeddable":true,"href":"https:\/\/lagumex.mx\/index\/wp-json\/wp\/v2\/tags?post=2011"}],"curies":[{"name":"wp","href":"https:\/\/api.w.org\/{rel}","templated":true}]}}