{"id":1993,"date":"2024-02-04T13:14:38","date_gmt":"2024-02-04T13:14:38","guid":{"rendered":"http:\/\/lagumex.mx\/index\/?p=1993"},"modified":"2024-02-15T13:15:52","modified_gmt":"2024-02-15T13:15:52","slug":"durango-y-aguascalientes-trabajan-en-equipo-para-seguir-siendo-punta-de-lanza-en-seguridad","status":"publish","type":"post","link":"https:\/\/lagumex.mx\/index\/durango\/durango-y-aguascalientes-trabajan-en-equipo-para-seguir-siendo-punta-de-lanza-en-seguridad\/","title":{"rendered":"Durango y Aguascalientes trabajan en equipo para seguir siendo punta de lanza en seguridad"},"content":{"rendered":"\n<ul class=\"wp-block-list\">\n<li>Reforzar\u00e1n estrategias y acciones en la lucha contra la delincuencia.<\/li>\n<\/ul>\n\n\n\n<p>04 de febrero de 2024.- En un acto trascendental para el bienestar de la ciudadan\u00eda, los gobernadores de Durango, Esteban Villegas Villarreal y de Aguascalientes, Mar\u00eda Teresa Jim\u00e9nez Esquivel, signaron un convenio de coordinaci\u00f3n y colaboraci\u00f3n para trabajar en equipo y seguir siendo punta de lanza en seguridad a nivel nacional.<\/p>\n\n\n\n<p>El acuerdo tiene como objetivo establecer l\u00edneas de acci\u00f3n conjuntas que salvaguarden la vida, las libertades, la integridad y el patrimonio de las personas, contribuyendo as\u00ed a la generaci\u00f3n y representaci\u00f3n del orden p\u00fablico y la paz social en ambos estados.<\/p>\n\n\n\n<p>Por su parte, el gobernador del Durango, Villegas Villarreal reafirm\u00f3 el compromiso de fortalecer la coordinaci\u00f3n estrat\u00e9gica entre Durango y Aguascalientes, para trabajar de la mano y as\u00ed enfrentar los desaf\u00edos y garantizar un ambiente seguro y pac\u00edfico para sus ciudadanos.<\/p>\n\n\n\n<p>Jim\u00e9nez Esquivel, por su parte, hizo \u00e9nfasis en que la seguridad p\u00fablica es un tema prioritario que requiere de la colaboraci\u00f3n estrecha entre los diferentes niveles de gobierno, y este acuerdo refleja el compromiso conjunto para enfrentar los desaf\u00edos actuales y futuros que afectan a ambos estados.<\/p>\n\n\n\n<p>Dentro de los principales puntos, destaca la coordinaci\u00f3n operativa, para responder de manera eficiente a situaciones que requieran intervenci\u00f3n conjunta.<\/p>\n\n\n\n<p>Tambi\u00e9n, el intercambio de informaci\u00f3n en donde habr\u00e1 un flujo constante y seguro entre las autoridades de Durango y Aguascalientes, que permitir\u00e1 una respuesta r\u00e1pida y efectiva ante posibles amenazas a la seguridad p\u00fablica.<\/p>\n\n\n\n<p>La capacitaci\u00f3n para los cuerpos de seguridad ser\u00e1 otra de las acciones dentro de este convenio, con la finalidad de fortalecer las habilidades y conocimientos de los agentes, asegurar un actuar profesional y acorde a los m\u00e1s altos est\u00e1ndares \u00e9ticos.<\/p>\n\n\n\n<p>El secretario General de Gobierno, H\u00e9ctor Vela Valenzuela, afirm\u00f3 que \u201cel dise\u00f1o e implementaci\u00f3n de estrategias conjuntas en materia de seguridad son esenciales para lograr resultados efectivos\u201d.<\/p>\n\n\n\n<p>Entre las autoridades presentes&nbsp; de Aguascalientes estuvieron, Jes\u00fas Figueroa Ortega, Fiscal General del Estado; Manuel Alonso Garc\u00eda, Secretario de Seguridad P\u00fablica y Eduardo Ismael Aguilar Sierra, Consejero Jur\u00eddico.<\/p>\n\n\n\n<p>Por el Estado de Durango, Sonia Yadira de la Garza, Fiscal del Estado; Oscar Galv\u00e1n Villarreal, secretario de Seguridad P\u00fablica; General Manuel Alejandro Velazco Villanueva, Comandante de la D\u00e9cima Zona Militar; Comisario Manuel Bravo Alonso, Coordinador Estatal de la Guardia Nacional; Jos\u00e9 Dur\u00e1n Barrera, Consejero General de Asuntos Jur\u00eddicos y Paulino C\u00f3rdova Qui\u00f1ones Subsecretario de Desarrollo Pol\u00edtico y Fortalecimiento Municipal de la SGG.<\/p>\n","protected":false},"excerpt":{"rendered":"<p>04 de febrero de 2024.- En un acto trascendental para el bienestar de la ciudadan\u00eda, los gobernadores de Durango, Esteban Villegas Villarreal y de Aguascalientes, Mar\u00eda Teresa Jim\u00e9nez Esquivel, signaron un convenio de coordinaci\u00f3n y colaboraci\u00f3n para trabajar en equipo y seguir siendo punta de lanza en seguridad a nivel nacional. El acuerdo tiene como&#8230;<\/p>\n","protected":false},"author":1,"featured_media":1994,"comment_status":"open","ping_status":"open","sticky":false,"template":"","format":"standard","meta":{"footnotes":""},"categories":[1],"tags":[],"class_list":["post-1993","post","type-post","status-publish","format-standard","has-post-thumbnail","hentry","category-durango"],"_links":{"self":[{"href":"https:\/\/lagumex.mx\/index\/wp-json\/wp\/v2\/posts\/1993","targetHints":{"allow":["GET"]}}],"collection":[{"href":"https:\/\/lagumex.mx\/index\/wp-json\/wp\/v2\/posts"}],"about":[{"href":"https:\/\/lagumex.mx\/index\/wp-json\/wp\/v2\/types\/post"}],"author":[{"embeddable":true,"href":"https:\/\/lagumex.mx\/index\/wp-json\/wp\/v2\/users\/1"}],"replies":[{"embeddable":true,"href":"https:\/\/lagumex.mx\/index\/wp-json\/wp\/v2\/comments?post=1993"}],"version-history":[{"count":1,"href":"https:\/\/lagumex.mx\/index\/wp-json\/wp\/v2\/posts\/1993\/revisions"}],"predecessor-version":[{"id":1995,"href":"https:\/\/lagumex.mx\/index\/wp-json\/wp\/v2\/posts\/1993\/revisions\/1995"}],"wp:featuredmedia":[{"embeddable":true,"href":"https:\/\/lagumex.mx\/index\/wp-json\/wp\/v2\/media\/1994"}],"wp:attachment":[{"href":"https:\/\/lagumex.mx\/index\/wp-json\/wp\/v2\/media?parent=1993"}],"wp:term":[{"taxonomy":"category","embeddable":true,"href":"https:\/\/lagumex.mx\/index\/wp-json\/wp\/v2\/categories?post=1993"},{"taxonomy":"post_tag","embeddable":true,"href":"https:\/\/lagumex.mx\/index\/wp-json\/wp\/v2\/tags?post=1993"}],"curies":[{"name":"wp","href":"https:\/\/api.w.org\/{rel}","templated":true}]}}