{"id":1960,"date":"2024-02-01T11:56:07","date_gmt":"2024-02-01T11:56:07","guid":{"rendered":"http:\/\/lagumex.mx\/index\/?p=1960"},"modified":"2024-02-02T11:57:35","modified_gmt":"2024-02-02T11:57:35","slug":"instituto-de-la-juventud-presenta-actividades-de-febrero","status":"publish","type":"post","link":"https:\/\/lagumex.mx\/index\/lerdo\/instituto-de-la-juventud-presenta-actividades-de-febrero\/","title":{"rendered":"Instituto de la Juventud presenta actividades de febrero"},"content":{"rendered":"\n<p>01 de febrero de 2024, Lerdo, Durango.- El director del Instituto Municipal de la Juventud (IMJ) de Lerdo, David Cano S\u00e1nchez, comparti\u00f3 que el segundo viernes del mes de febrero se llevar\u00e1 a cabo el evento \u201cDe Fin por la Sarabia\u201d para la promoci\u00f3n de talentos locales y el esparcimiento de los j\u00f3venes, siendo el primero del a\u00f1o.<\/p>\n\n\n\n<p>El funcionario comparti\u00f3 que el mes de febrero trae muchas sorpresas para el desarrollo, capacitaci\u00f3n y crecimiento de los j\u00f3venes lerdenses, pues ser\u00e1 el pr\u00f3ximo martes 6 de febrero cuando den inicio las Tutor\u00edas Gratuitas \u00abEnglish in action\u201d (Ingl\u00e9s en Acci\u00f3n), del idioma ingl\u00e9s en nivel avanzado, en la Unidad Administrativa de San Isidro (UASI) que se encuentra junto al Skate Park. <\/p>\n\n\n\n<p>Adem\u00e1s, destacando este emblem\u00e1tico parque de patinaje de la colonia San Isidro, el mismo d\u00eda, de 5 a 7 de la tarde, comenzar\u00e1n las clases de Skate, que se impartir\u00e1n los lunes, martes y mi\u00e9rcoles.<\/p>\n\n\n\n<p>Y para el viernes 9 del mes, se desarrollar\u00e1 el primer evento del a\u00f1o denominado \u201cDe Fin por la Sarabia\u201d, (en el Paseo Sarabia) frente a la Presidencia Municipal y la plaza principal de Lerdo. De 4 a 8 de la tarde, los j\u00f3venes emprendedores presentar\u00e1n sus productos y artesan\u00edas en venta, adem\u00e1s habr\u00e1 talentos locales, futbolito, ajedrez, m\u00fasica en vivo, concursos y m\u00e1s.<\/p>\n","protected":false},"excerpt":{"rendered":"<p>01 de febrero de 2024, Lerdo, Durango.- El director del Instituto Municipal de la Juventud (IMJ) de Lerdo, David Cano S\u00e1nchez, comparti\u00f3 que el segundo viernes del mes de febrero se llevar\u00e1 a cabo el evento \u201cDe Fin por la Sarabia\u201d para la promoci\u00f3n de talentos locales y el esparcimiento de los j\u00f3venes, siendo el&#8230;<\/p>\n","protected":false},"author":1,"featured_media":1961,"comment_status":"open","ping_status":"open","sticky":false,"template":"","format":"standard","meta":{"footnotes":""},"categories":[3],"tags":[],"class_list":["post-1960","post","type-post","status-publish","format-standard","has-post-thumbnail","hentry","category-lerdo"],"_links":{"self":[{"href":"https:\/\/lagumex.mx\/index\/wp-json\/wp\/v2\/posts\/1960","targetHints":{"allow":["GET"]}}],"collection":[{"href":"https:\/\/lagumex.mx\/index\/wp-json\/wp\/v2\/posts"}],"about":[{"href":"https:\/\/lagumex.mx\/index\/wp-json\/wp\/v2\/types\/post"}],"author":[{"embeddable":true,"href":"https:\/\/lagumex.mx\/index\/wp-json\/wp\/v2\/users\/1"}],"replies":[{"embeddable":true,"href":"https:\/\/lagumex.mx\/index\/wp-json\/wp\/v2\/comments?post=1960"}],"version-history":[{"count":1,"href":"https:\/\/lagumex.mx\/index\/wp-json\/wp\/v2\/posts\/1960\/revisions"}],"predecessor-version":[{"id":1962,"href":"https:\/\/lagumex.mx\/index\/wp-json\/wp\/v2\/posts\/1960\/revisions\/1962"}],"wp:featuredmedia":[{"embeddable":true,"href":"https:\/\/lagumex.mx\/index\/wp-json\/wp\/v2\/media\/1961"}],"wp:attachment":[{"href":"https:\/\/lagumex.mx\/index\/wp-json\/wp\/v2\/media?parent=1960"}],"wp:term":[{"taxonomy":"category","embeddable":true,"href":"https:\/\/lagumex.mx\/index\/wp-json\/wp\/v2\/categories?post=1960"},{"taxonomy":"post_tag","embeddable":true,"href":"https:\/\/lagumex.mx\/index\/wp-json\/wp\/v2\/tags?post=1960"}],"curies":[{"name":"wp","href":"https:\/\/api.w.org\/{rel}","templated":true}]}}