{"id":1900,"date":"2024-01-12T03:21:22","date_gmt":"2024-01-12T03:21:22","guid":{"rendered":"http:\/\/lagumex.mx\/index\/?p=1900"},"modified":"2024-01-22T03:22:19","modified_gmt":"2024-01-22T03:22:19","slug":"aseguradoras-deben-cubrir-enfermedades-de-salud-mental-mojica","status":"publish","type":"post","link":"https:\/\/lagumex.mx\/index\/uncategorized\/congreso-de-durango\/aseguradoras-deben-cubrir-enfermedades-de-salud-mental-mojica\/","title":{"rendered":"Aseguradoras deben cubrir enfermedades de salud mental: Mojica"},"content":{"rendered":"\n<p>Exhorta al Congreso de la Uni\u00f3n que reforme la Ley General de Salud y la Ley de Instituciones de Seguros y Fianzas<\/p>\n\n\n\n<p>12 de enero de 204.- A fin de establecer la obligatoriedad de las compa\u00f1\u00edas de seguros, a incluir entre sus planes de cobertura integral todo tipo de enfermedades mentales, el diputado Alejandro Mojica Narvaez exhort\u00f3 al Congreso de la Uni\u00f3n para que reforme la Ley General de Salud y la Ley de Instituciones de Seguros y Fianzas.<\/p>\n\n\n\n<p>\u201cNi por motivos econ\u00f3micos o de lucro, las aseguradoras pueden seguir excluyendo de sus coberturas las enfermedades mentales\u201d, consider\u00f3 el coordinador del Grupo Parlamentario del PAN.<\/p>\n\n\n\n<p>Por ello, durante la sesi\u00f3n de la Comisi\u00f3n Permanente, se\u00f1al\u00f3 que es necesario impulsar reformas inclusivas y justas para contemplar esas enfermedades en las coberturas de los seguros privados en M\u00e9xico.<\/p>\n\n\n\n<p>Al respecto, destac\u00f3 que las personas que cuentan con un instrumento financiero de esta naturaleza o que pretenden contratarlo y padecen de una enfermedad mental, son expuestos a posible discriminaci\u00f3n por parte de las compa\u00f1\u00edas aseguradoras, al tener \u00e9stas la potestad de otorgar el seguro de gastos m\u00e9dicos o no, o bien, a incrementar el costo de las p\u00f3lizas, como es el caso de los contratantes con alguna discapacidad f\u00edsica.<\/p>\n\n\n\n<p>Mojica Narvaez inform\u00f3 que en M\u00e9xico, el mercado de los Seguros de Gastos M\u00e9dicos Mayores tiene un valor de 92 mil millones de pesos anuales y 13 millones de personas est\u00e1n cubiertas por ellos.<\/p>\n\n\n\n<p>Detall\u00f3 que acuerdo a un estudio de la Fundaci\u00f3n Innovaci\u00f3n y Ciencia para el Desarrollo Empresarial (INCIDE), en M\u00e9xico, la cobertura de los Seguros de Gastos M\u00e9dicos Mayores para las enfermedades mentales se otorga s\u00f3lo s\u00ed se sufre alg\u00fan tipo de amputaci\u00f3n, quemadura o trasplante que deje secuelas psicol\u00f3gicas como ansiedad, depresi\u00f3n o alguna de estos padecimientos, se podr\u00e1 tener cobertura para ser atendido por un psiquiatra o psic\u00f3logo.<\/p>\n\n\n\n<p>En caso de cruzar por un evento vascular cerebral, infarto al miocardio, insuficiencia renal o c\u00e1ncer y este ocasiona alg\u00fan tipo de padecimiento mental, el seguro podr\u00e1 cubrir las terapias necesarias para poder restaurar la salud mental.<\/p>\n\n\n\n<p>Adem\u00e1s, si se llega a ser v\u00edctima de un robo con violencia, secuestro o violaci\u00f3n, la compa\u00f1\u00eda podr\u00e1 brindar la atenci\u00f3n psicol\u00f3gica necesaria para poder superar el suceso y recuperar la salud mental en medida de lo posible, sin embargo, para que estos sean cubiertos, se deber\u00e1 de presentar una denuncia ante las autoridades correspondientes.<\/p>\n\n\n\n<p>Pero, adem\u00e1s que la cobertura de estos padecimientos son muy espec\u00edficos en los contratos de las aseguradoras, hay otras limitantes, ya que la aseguradora cubre entre 20 y 24 consultas por un periodo m\u00e1ximo de dos a\u00f1os o en caso contrario cuando se alcance el tope de la suma para este tipo de cobertura<\/p>\n","protected":false},"excerpt":{"rendered":"<p>Exhorta al Congreso de la Uni\u00f3n que reforme la Ley General de Salud y la Ley de Instituciones de Seguros y Fianzas 12 de enero de 204.- A fin de establecer la obligatoriedad de las compa\u00f1\u00edas de seguros, a incluir entre sus planes de cobertura integral todo tipo de enfermedades mentales, el diputado Alejandro Mojica&#8230;<\/p>\n","protected":false},"author":1,"featured_media":1901,"comment_status":"open","ping_status":"open","sticky":false,"template":"","format":"standard","meta":{"footnotes":""},"categories":[13],"tags":[],"class_list":["post-1900","post","type-post","status-publish","format-standard","has-post-thumbnail","hentry","category-congreso-de-durango"],"_links":{"self":[{"href":"https:\/\/lagumex.mx\/index\/wp-json\/wp\/v2\/posts\/1900","targetHints":{"allow":["GET"]}}],"collection":[{"href":"https:\/\/lagumex.mx\/index\/wp-json\/wp\/v2\/posts"}],"about":[{"href":"https:\/\/lagumex.mx\/index\/wp-json\/wp\/v2\/types\/post"}],"author":[{"embeddable":true,"href":"https:\/\/lagumex.mx\/index\/wp-json\/wp\/v2\/users\/1"}],"replies":[{"embeddable":true,"href":"https:\/\/lagumex.mx\/index\/wp-json\/wp\/v2\/comments?post=1900"}],"version-history":[{"count":1,"href":"https:\/\/lagumex.mx\/index\/wp-json\/wp\/v2\/posts\/1900\/revisions"}],"predecessor-version":[{"id":1902,"href":"https:\/\/lagumex.mx\/index\/wp-json\/wp\/v2\/posts\/1900\/revisions\/1902"}],"wp:featuredmedia":[{"embeddable":true,"href":"https:\/\/lagumex.mx\/index\/wp-json\/wp\/v2\/media\/1901"}],"wp:attachment":[{"href":"https:\/\/lagumex.mx\/index\/wp-json\/wp\/v2\/media?parent=1900"}],"wp:term":[{"taxonomy":"category","embeddable":true,"href":"https:\/\/lagumex.mx\/index\/wp-json\/wp\/v2\/categories?post=1900"},{"taxonomy":"post_tag","embeddable":true,"href":"https:\/\/lagumex.mx\/index\/wp-json\/wp\/v2\/tags?post=1900"}],"curies":[{"name":"wp","href":"https:\/\/api.w.org\/{rel}","templated":true}]}}