{"id":1886,"date":"2024-01-16T11:12:00","date_gmt":"2024-01-16T11:12:00","guid":{"rendered":"http:\/\/lagumex.mx\/index\/?p=1886"},"modified":"2024-01-16T23:14:07","modified_gmt":"2024-01-16T23:14:07","slug":"funeral-del-escritor-jose-agustin-sera-privado","status":"publish","type":"post","link":"https:\/\/lagumex.mx\/index\/espectaculos\/funeral-del-escritor-jose-agustin-sera-privado\/","title":{"rendered":"Funeral del escritor Jos\u00e9 Agust\u00edn ser\u00e1 privado"},"content":{"rendered":"\n<p>16 de enero de 2024.-El reconocido<strong>\u00a0<a rel=\"noreferrer noopener\" href=\"https:\/\/www.elsoldemexico.com.mx\/cultura\/literatura\/fallece-jose-agustin-la-literatura-de-la-onda-pierde-a-su-referente-11229179.html\" target=\"_blank\">escritor Jos\u00e9 Agust\u00edn Ram\u00edrez,<\/a><\/strong>\u00a0figura clave del\u00a0<strong>movimiento literario \u00abLa Onda\u00bb\u00a0<\/strong>en\u00a0<strong>M\u00e9xico,<\/strong>\u00a0<strong>falleci\u00f3 a los 79 a\u00f1os\u00a0<\/strong>de edad en su hogar en el fraccionamiento\u00a0<strong>Brisas de Cuautla,\u00a0<\/strong>en la delegaci\u00f3n pol\u00edtica de\u00a0<strong>Tetelcingo.\u00a0<\/strong><\/p>\n\n\n\n<p>Su hijo, Andr\u00e9s Ram\u00edrez, revel\u00f3 a El Sol de Cuautla que el funeral del escritor ser\u00e1 privado y en familia<\/p>\n","protected":false},"excerpt":{"rendered":"<p>16 de enero de 2024.-El reconocido\u00a0escritor Jos\u00e9 Agust\u00edn Ram\u00edrez,\u00a0figura clave del\u00a0movimiento literario \u00abLa Onda\u00bb\u00a0en\u00a0M\u00e9xico,\u00a0falleci\u00f3 a los 79 a\u00f1os\u00a0de edad en su hogar en el fraccionamiento\u00a0Brisas de Cuautla,\u00a0en la delegaci\u00f3n pol\u00edtica de\u00a0Tetelcingo.\u00a0 Su hijo, Andr\u00e9s Ram\u00edrez, revel\u00f3 a El Sol de Cuautla que el funeral del escritor ser\u00e1 privado y en familia<\/p>\n","protected":false},"author":1,"featured_media":1887,"comment_status":"open","ping_status":"open","sticky":false,"template":"","format":"standard","meta":{"footnotes":""},"categories":[5],"tags":[],"class_list":["post-1886","post","type-post","status-publish","format-standard","has-post-thumbnail","hentry","category-espectaculos"],"_links":{"self":[{"href":"https:\/\/lagumex.mx\/index\/wp-json\/wp\/v2\/posts\/1886","targetHints":{"allow":["GET"]}}],"collection":[{"href":"https:\/\/lagumex.mx\/index\/wp-json\/wp\/v2\/posts"}],"about":[{"href":"https:\/\/lagumex.mx\/index\/wp-json\/wp\/v2\/types\/post"}],"author":[{"embeddable":true,"href":"https:\/\/lagumex.mx\/index\/wp-json\/wp\/v2\/users\/1"}],"replies":[{"embeddable":true,"href":"https:\/\/lagumex.mx\/index\/wp-json\/wp\/v2\/comments?post=1886"}],"version-history":[{"count":1,"href":"https:\/\/lagumex.mx\/index\/wp-json\/wp\/v2\/posts\/1886\/revisions"}],"predecessor-version":[{"id":1888,"href":"https:\/\/lagumex.mx\/index\/wp-json\/wp\/v2\/posts\/1886\/revisions\/1888"}],"wp:featuredmedia":[{"embeddable":true,"href":"https:\/\/lagumex.mx\/index\/wp-json\/wp\/v2\/media\/1887"}],"wp:attachment":[{"href":"https:\/\/lagumex.mx\/index\/wp-json\/wp\/v2\/media?parent=1886"}],"wp:term":[{"taxonomy":"category","embeddable":true,"href":"https:\/\/lagumex.mx\/index\/wp-json\/wp\/v2\/categories?post=1886"},{"taxonomy":"post_tag","embeddable":true,"href":"https:\/\/lagumex.mx\/index\/wp-json\/wp\/v2\/tags?post=1886"}],"curies":[{"name":"wp","href":"https:\/\/api.w.org\/{rel}","templated":true}]}}