{"id":1878,"date":"2024-01-14T23:03:30","date_gmt":"2024-01-14T23:03:30","guid":{"rendered":"http:\/\/lagumex.mx\/index\/?p=1878"},"modified":"2024-01-16T23:05:51","modified_gmt":"2024-01-16T23:05:51","slug":"anuncia-homero-martinez-la-llegada-de-agua-saludable-a-lerdo","status":"publish","type":"post","link":"https:\/\/lagumex.mx\/index\/lerdo\/anuncia-homero-martinez-la-llegada-de-agua-saludable-a-lerdo\/","title":{"rendered":"Anuncia Homero Mart\u00ednez la llegada de Agua Saludable a Lerdo"},"content":{"rendered":"\n<p>14 de enero de 2024.-El\u00a0<strong>Sistema de Agua Potable y Alcantarillado de Lerdo (SAPAL)<\/strong>\u00a0esperar\u00e1 la llegada de los 400 litros por segundo para realizar la interconexi\u00f3n gradual a la red de agua. Gestionando la presi\u00f3n adecuada e introduciendo el agua gradualmente para prevenir fugas y da\u00f1os a las tuber\u00edas locales.\u00a0\u201cTrabajaremos con una presi\u00f3n de 5.8 kilos, que es la capacidad de nuestras l\u00edneas\u00bb, explic\u00f3 Ignacio Ram\u00edrez, gerente del SAPAL, quien afirm\u00f3 que ya se ha verificado el cumplimiento de las normas oficiales para el<strong>\u00a0consumo del agua en la planta potabilizadora<\/strong>, a trav\u00e9s de una reuni\u00f3n de trabajo en la zona de San Jacinto, encabezada por el director de Cuencas Centrales, Aar\u00f3n Fuentes. <\/p>\n\n\n\n<p>El&nbsp;<strong>Alcalde Homero Mart\u00ednez Cabrera<\/strong>, anunci\u00f3 la llegada del Proyecto Agua Saludable para la Laguna (ASL) con una entrega estimada de 400 litros por segundo, directamente, al m\u00faltiple de San Fernando. Este viernes, se llevar\u00e1 a cabo la interconexi\u00f3n de esta&nbsp;<strong>nueva fuente de agua a la red general&nbsp;<\/strong>del Municipio, lo que implicar\u00e1 la desactivaci\u00f3n de un gran n\u00famero de pozos de extracci\u00f3n.<\/p>\n\n\n\n<p>La primera autoridad municipal destac\u00f3 que, conforme a lo planificado, el d\u00eda jueves 11 de enero el agua proveniente del&nbsp;<strong>Proyecto de Agua Saludable lleg\u00f3 a la zona de San Fernando.<\/strong><\/p>\n","protected":false},"excerpt":{"rendered":"<p>14 de enero de 2024.-El\u00a0Sistema de Agua Potable y Alcantarillado de Lerdo (SAPAL)\u00a0esperar\u00e1 la llegada de los 400 litros por segundo para realizar la interconexi\u00f3n gradual a la red de agua. Gestionando la presi\u00f3n adecuada e introduciendo el agua gradualmente para prevenir fugas y da\u00f1os a las tuber\u00edas locales.\u00a0\u201cTrabajaremos con una presi\u00f3n de 5.8 kilos,&#8230;<\/p>\n","protected":false},"author":1,"featured_media":1879,"comment_status":"open","ping_status":"open","sticky":false,"template":"","format":"standard","meta":{"footnotes":""},"categories":[3],"tags":[],"class_list":["post-1878","post","type-post","status-publish","format-standard","has-post-thumbnail","hentry","category-lerdo"],"_links":{"self":[{"href":"https:\/\/lagumex.mx\/index\/wp-json\/wp\/v2\/posts\/1878","targetHints":{"allow":["GET"]}}],"collection":[{"href":"https:\/\/lagumex.mx\/index\/wp-json\/wp\/v2\/posts"}],"about":[{"href":"https:\/\/lagumex.mx\/index\/wp-json\/wp\/v2\/types\/post"}],"author":[{"embeddable":true,"href":"https:\/\/lagumex.mx\/index\/wp-json\/wp\/v2\/users\/1"}],"replies":[{"embeddable":true,"href":"https:\/\/lagumex.mx\/index\/wp-json\/wp\/v2\/comments?post=1878"}],"version-history":[{"count":1,"href":"https:\/\/lagumex.mx\/index\/wp-json\/wp\/v2\/posts\/1878\/revisions"}],"predecessor-version":[{"id":1880,"href":"https:\/\/lagumex.mx\/index\/wp-json\/wp\/v2\/posts\/1878\/revisions\/1880"}],"wp:featuredmedia":[{"embeddable":true,"href":"https:\/\/lagumex.mx\/index\/wp-json\/wp\/v2\/media\/1879"}],"wp:attachment":[{"href":"https:\/\/lagumex.mx\/index\/wp-json\/wp\/v2\/media?parent=1878"}],"wp:term":[{"taxonomy":"category","embeddable":true,"href":"https:\/\/lagumex.mx\/index\/wp-json\/wp\/v2\/categories?post=1878"},{"taxonomy":"post_tag","embeddable":true,"href":"https:\/\/lagumex.mx\/index\/wp-json\/wp\/v2\/tags?post=1878"}],"curies":[{"name":"wp","href":"https:\/\/api.w.org\/{rel}","templated":true}]}}