{"id":1862,"date":"2024-01-16T22:50:10","date_gmt":"2024-01-16T22:50:10","guid":{"rendered":"http:\/\/lagumex.mx\/index\/?p=1862"},"modified":"2024-01-16T22:50:10","modified_gmt":"2024-01-16T22:50:10","slug":"comienza-una-nueva-era-para-durango-esteban-arranca-instalacion-de-ensambladora-de-vehiculos-electricos","status":"publish","type":"post","link":"https:\/\/lagumex.mx\/index\/durango\/comienza-una-nueva-era-para-durango-esteban-arranca-instalacion-de-ensambladora-de-vehiculos-electricos\/","title":{"rendered":"Comienza una nueva era para Durango; Esteban arranca instalaci\u00f3n de ensambladora de veh\u00edculos el\u00e9ctricos"},"content":{"rendered":"\n<p>Se coloc\u00f3 la primera piedra en el Centro Log\u00edstico Industrial de Durango para la instalaci\u00f3n de la empresa SEV.<\/p>\n\n\n\n<p>15 de enero de 2024.-Con paso firme, el momento de Durango lleg\u00f3, esta es la primera de muchas buenas noticias de este 2024, expres\u00f3 el gobernador Esteban Villegas Villarreal, quien junto con Simon Zhao, presidente del grupo Solarever, anunciaron la instalaci\u00f3n de la ensambladora de autos el\u00e9ctricos, con lo que hoy se enmarca una nueva era de desarrollo para la entidad.<\/p>\n\n\n\n<p>El consorcio chino Solarever, encargado de ensamblar veh\u00edculos el\u00e9ctricos, se instalar\u00e1 en el Centro Log\u00edstico Industrial de Durango (CLID), con una inversi\u00f3n de 6 mil 800 millones de pesos y generar\u00e1 mil empleos para los duranguenses, con su empresa filial SEV.&nbsp;<\/p>\n\n\n\n<p>\u201cAs\u00ed fuimos formados, para enfrentar la adversidad, ahora con el talento que todos tenemos, ponemos nuestro granito de arena, M\u00e9xico es un pa\u00eds que da para mucho, se refleja esa energ\u00eda de mucha gente que se levanta temprano y se acuestan tarde; as\u00ed como millones de mexicanos ya estamos rompiendo esa barrera, de creerlo y hacer la parte que nos toca\u201d, dijo el Mandatario Estatal durante su anuncio donde fueron presentados las unidades el\u00e9ctricas que se ensamblar\u00e1n en Durango.<\/p>\n\n\n\n<p>El Ejecutivo Estatal hizo hincapi\u00e9 sobre las&nbsp; grandes cosas para la entidad, esta es la primera de muchas del 2024, es una nueva era para un Durango distinto, donde todos haremos la parte que nos corresponde, ahora est\u00e1 es la generaci\u00f3n de duranguenses que pudieron sacar adelante al estado; \u201clarga vida y que hoy inicie nueva etapa, con China, el a\u00f1o del Drag\u00f3n, que adem\u00e1s simboliza que ahora somos socios estrat\u00e9gicos\u00bb, indic\u00f3 Villegas Villarreal.&nbsp;<\/p>\n\n\n\n<p>El presidente del Grupo Solarever, Simon Zhao, resalt\u00f3 que Durango es un pase para la innovaci\u00f3n a la tecnolog\u00eda internacional y que con la visi\u00f3n del gran equipo que tiene la entidad, es un d\u00eda hist\u00f3rico, ya que al anunciar la nueva inversi\u00f3n para el estado, ser\u00e1 m\u00e1s competitivo porque M\u00e9xico cuenta con mucho talento; \u201cpara SEV es un d\u00eda importante, se tiene una misi\u00f3n, cambiar la energ\u00eda tradicional y trabajar con energ\u00eda limpia, noble, digital e inteligente\u201d.&nbsp;<\/p>\n\n\n\n<p>Juan Manuel Cerdeira, director general de SEV M\u00e9xico, expuso que la visi\u00f3n es de energ\u00eda, de un pa\u00eds que no busca recurrir a combustibles f\u00f3siles; \u201cpor primera vez lo estamos haciendo formal y capitalizando este sue\u00f1o, y que mejor socio que Durango para llevar el proyecto a cabo\u201d.<\/p>\n\n\n\n<p>Esto es un hito para el estado de Durango y esperemos celebrar pr\u00f3ximamente nuevas inversiones, hemos trabajado y seguiremos haci\u00e9ndolo, dijo el titular de Impulso Econ\u00f3mico del Gobierno de M\u00e9xico, Luis Rodrigo Morales, quien se sum\u00f3 el alcalde capitalino, To\u00f1o Ochoa de celebrar el&nbsp; compromiso&nbsp; de Esteban&nbsp; para impulsar el desarrollo de la gran familia duranguense.<\/p>\n\n\n\n<p>Finalmente sellaron este gran acontecimiento con la colocaci\u00f3n de la primera piedra&nbsp; de la empresa SEV en el Centro Log\u00edstico Industrial (CLID), esto posterior al dep\u00f3sito del juego de llaves de los veh\u00edculos que ensambla la compa\u00f1\u00eda, dentro del Cofre 2024, en el cual se ir\u00e1n depositando los s\u00edmbolos que representen las buenas noticias de este Gobierno para Durango.<\/p>\n","protected":false},"excerpt":{"rendered":"<p>Se coloc\u00f3 la primera piedra en el Centro Log\u00edstico Industrial de Durango para la instalaci\u00f3n de la empresa SEV. 15 de enero de 2024.-Con paso firme, el momento de Durango lleg\u00f3, esta es la primera de muchas buenas noticias de este 2024, expres\u00f3 el gobernador Esteban Villegas Villarreal, quien junto con Simon Zhao, presidente del&#8230;<\/p>\n","protected":false},"author":1,"featured_media":1863,"comment_status":"open","ping_status":"open","sticky":false,"template":"","format":"standard","meta":{"footnotes":""},"categories":[1],"tags":[],"class_list":["post-1862","post","type-post","status-publish","format-standard","has-post-thumbnail","hentry","category-durango"],"_links":{"self":[{"href":"https:\/\/lagumex.mx\/index\/wp-json\/wp\/v2\/posts\/1862","targetHints":{"allow":["GET"]}}],"collection":[{"href":"https:\/\/lagumex.mx\/index\/wp-json\/wp\/v2\/posts"}],"about":[{"href":"https:\/\/lagumex.mx\/index\/wp-json\/wp\/v2\/types\/post"}],"author":[{"embeddable":true,"href":"https:\/\/lagumex.mx\/index\/wp-json\/wp\/v2\/users\/1"}],"replies":[{"embeddable":true,"href":"https:\/\/lagumex.mx\/index\/wp-json\/wp\/v2\/comments?post=1862"}],"version-history":[{"count":1,"href":"https:\/\/lagumex.mx\/index\/wp-json\/wp\/v2\/posts\/1862\/revisions"}],"predecessor-version":[{"id":1864,"href":"https:\/\/lagumex.mx\/index\/wp-json\/wp\/v2\/posts\/1862\/revisions\/1864"}],"wp:featuredmedia":[{"embeddable":true,"href":"https:\/\/lagumex.mx\/index\/wp-json\/wp\/v2\/media\/1863"}],"wp:attachment":[{"href":"https:\/\/lagumex.mx\/index\/wp-json\/wp\/v2\/media?parent=1862"}],"wp:term":[{"taxonomy":"category","embeddable":true,"href":"https:\/\/lagumex.mx\/index\/wp-json\/wp\/v2\/categories?post=1862"},{"taxonomy":"post_tag","embeddable":true,"href":"https:\/\/lagumex.mx\/index\/wp-json\/wp\/v2\/tags?post=1862"}],"curies":[{"name":"wp","href":"https:\/\/api.w.org\/{rel}","templated":true}]}}