{"id":1834,"date":"2024-01-06T17:22:17","date_gmt":"2024-01-06T17:22:17","guid":{"rendered":"http:\/\/lagumex.mx\/index\/?p=1834"},"modified":"2024-01-16T17:24:57","modified_gmt":"2024-01-16T17:24:57","slug":"disfrutan-duranguenses-y-visitantes-del-trenecito-que-esteban-y-tono-reconstruyeron-para-todos","status":"publish","type":"post","link":"https:\/\/lagumex.mx\/index\/durango\/disfrutan-duranguenses-y-visitantes-del-trenecito-que-esteban-y-tono-reconstruyeron-para-todos\/","title":{"rendered":"Disfrutan duranguenses y visitantes del trenecito que Esteban y To\u00f1o reconstruyeron para todos"},"content":{"rendered":"\n<p>Visitantes locales y for\u00e1neos hacen fila para recorrer el viaje por el Lago de los Patos y atractivos del lugar.<\/p>\n\n\n\n<p>06 de enero de 2024.-\u201cNo esper\u00e1bamos menos de los dos, del gobernador Esteban Villegas y el presidente To\u00f1o porque est\u00e1 muy padre lo que est\u00e1n haciendo para los duranguenses rescatando sus tradiciones\u201d, coincidieron las familias que disfrutan de la reconstrucci\u00f3n del Trenecito del Parque Guadiana, as\u00ed como de sus diversos atractivos culturales y naturales de la entidad.<\/p>\n\n\n\n<p>La familia de la se\u00f1ora Luc\u00eda Arrieta, comparti\u00f3 como disfrutaron de este recorrido en los vagoncitos que atraviesan el parque; \u201cmis hijos bien emocionados, les gust\u00f3 mucho el paseo\u201d, expres\u00f3, y es que a sus peque\u00f1os no les hab\u00eda tocado divertirse de este atractivo que ahora pudieron vivirlo como ella hace a\u00f1os.&nbsp;&nbsp;<\/p>\n\n\n\n<p>Igualmente, Laura Soto mencion\u00f3 que a sus hijos no les hab\u00eda tocado usarlo, \u201ca m\u00ed s\u00ed me toc\u00f3, me da gusto que est\u00e9n haciendo cosas por Durango y ya hac\u00eda falta que se renovara; muchas gracias y que sigan haciendo cosas por Durango, m\u00e1s por los ni\u00f1os, sobre todo\u201d, coment\u00f3 emocionada.<\/p>\n\n\n\n<p>Entre otra de las familias que ya disfrutaron de este atractivo que regres\u00f3 al parque Guadiana, fue la familia de Yesenia de la Cruz; \u201csi hac\u00eda falta, era a lo que ven\u00edamos cada domingo\u201d, record\u00f3.<\/p>\n\n\n\n<p>En este trayecto del trenecito tambi\u00e9n Yadira Bustamante, expres\u00f3 su benepl\u00e1cito, ya que ten\u00eda a\u00f1os que no se volv\u00eda a subirse al tren y la hizo recordar que bien la pasaban en familia, \u201ces lo que est\u00e1bamos platicando: que desde chicos no nos sub\u00edamos, era un viaje obligatorio\u201d, se\u00f1al\u00f3.&nbsp;<\/p>\n\n\n\n<p>As\u00ed es como familias de duranguenses y visitantes locales y extranjeros disfrutan de este y todos los atractivos con los que cuenta Durango, como el Centro Hist\u00f3rico, los pueblos m\u00e1gicos, la sierra y sobre todo el c\u00e1lido trato de la gente.<\/p>\n","protected":false},"excerpt":{"rendered":"<p>Visitantes locales y for\u00e1neos hacen fila para recorrer el viaje por el Lago de los Patos y atractivos del lugar. 06 de enero de 2024.-\u201cNo esper\u00e1bamos menos de los dos, del gobernador Esteban Villegas y el presidente To\u00f1o porque est\u00e1 muy padre lo que est\u00e1n haciendo para los duranguenses rescatando sus tradiciones\u201d, coincidieron las familias&#8230;<\/p>\n","protected":false},"author":1,"featured_media":1835,"comment_status":"open","ping_status":"open","sticky":false,"template":"","format":"standard","meta":{"footnotes":""},"categories":[1],"tags":[],"class_list":["post-1834","post","type-post","status-publish","format-standard","has-post-thumbnail","hentry","category-durango"],"_links":{"self":[{"href":"https:\/\/lagumex.mx\/index\/wp-json\/wp\/v2\/posts\/1834","targetHints":{"allow":["GET"]}}],"collection":[{"href":"https:\/\/lagumex.mx\/index\/wp-json\/wp\/v2\/posts"}],"about":[{"href":"https:\/\/lagumex.mx\/index\/wp-json\/wp\/v2\/types\/post"}],"author":[{"embeddable":true,"href":"https:\/\/lagumex.mx\/index\/wp-json\/wp\/v2\/users\/1"}],"replies":[{"embeddable":true,"href":"https:\/\/lagumex.mx\/index\/wp-json\/wp\/v2\/comments?post=1834"}],"version-history":[{"count":1,"href":"https:\/\/lagumex.mx\/index\/wp-json\/wp\/v2\/posts\/1834\/revisions"}],"predecessor-version":[{"id":1836,"href":"https:\/\/lagumex.mx\/index\/wp-json\/wp\/v2\/posts\/1834\/revisions\/1836"}],"wp:featuredmedia":[{"embeddable":true,"href":"https:\/\/lagumex.mx\/index\/wp-json\/wp\/v2\/media\/1835"}],"wp:attachment":[{"href":"https:\/\/lagumex.mx\/index\/wp-json\/wp\/v2\/media?parent=1834"}],"wp:term":[{"taxonomy":"category","embeddable":true,"href":"https:\/\/lagumex.mx\/index\/wp-json\/wp\/v2\/categories?post=1834"},{"taxonomy":"post_tag","embeddable":true,"href":"https:\/\/lagumex.mx\/index\/wp-json\/wp\/v2\/tags?post=1834"}],"curies":[{"name":"wp","href":"https:\/\/api.w.org\/{rel}","templated":true}]}}