{"id":1827,"date":"2024-01-04T17:17:40","date_gmt":"2024-01-04T17:17:40","guid":{"rendered":"http:\/\/lagumex.mx\/index\/?p=1827"},"modified":"2024-01-16T17:20:01","modified_gmt":"2024-01-16T17:20:01","slug":"apoya-gobierno-de-esteban-a-familia-afectada-por-incendio-en-su-vivienda","status":"publish","type":"post","link":"https:\/\/lagumex.mx\/index\/durango\/apoya-gobierno-de-esteban-a-familia-afectada-por-incendio-en-su-vivienda\/","title":{"rendered":"Apoya gobierno de Esteban a familia afectada por incendio en su vivienda"},"content":{"rendered":"\n<p>Atienden afectaciones Protecci\u00f3n Civil, Sebised, Coesvi, DIF, Registro Civil y Gobierno Municipal.<\/p>\n\n\n\n<p>04 de enero de 2024.- De manera inmediata las dependencias del gobierno de Esteban actuaron para brindar la ayuda\u00a0 necesaria a la familia que sufri\u00f3 el incendio de su vivienda en la colonia Arturo G\u00e1miz, las cuales acudieron a dicho lugar donde iniciaron los trabajos de reconstrucci\u00f3n de la casa, adem\u00e1s de llevar apoyos como alimentos, ropa y cobijas.\u00a0<\/p>\n\n\n\n<p>Derivado del siniestro que el pasado d\u00eda 2 de enero se present\u00f3 en la vivienda que habitan la se\u00f1ora Gloria D\u00edaz Gonz\u00e1lez, su hermano, su hija Samantha Hern\u00e1ndez, el yerno Luis Enrique Ortiz y dos nietos, que probablemente fue ocasionado por un corto circuito, el Mandatario Estatal instruy\u00f3 que se atendiera con la mayor prontitud el llamado de la familia, inform\u00f3 la titular de la Comisi\u00f3n de Aguas del Estado (CAED), Yadira Narv\u00e1ez, quien funge como madrina de esa zona.<\/p>\n\n\n\n<p>\u201cEl Gobernador y la se\u00f1ora Marisol Rosso, quieren que estemos atentos, con el pulso y la sensibilidad para solidarizarnos y ayudar,&nbsp; estaremos pendientes para que esta familia restablezca su nivel de vida\u201d, expres\u00f3.<\/p>\n\n\n\n<p>\u201cEstamos viendo que somos m\u00e1s las manos que apoyamos en este tema, es nuestro trabajo, pero lo hacemos con mucho gusto, es bueno que ustedes sientan que no est\u00e1n solos y desde luego el Gobernador ha estado muy al pendiente y nos pidi\u00f3 que nos sum\u00e1ramos con toda la mano\u201d, les expres\u00f3 por su parte el Coordinador de Protecci\u00f3n Civil, Arturo Galindo Cabada, tras hacer un llamado a la poblaci\u00f3n,&nbsp; sobre todo a quienes tienen viviendas construidas con materiales fr\u00e1giles para que tengan mucho cuidado con las instalaciones el\u00e9ctricas.<\/p>\n\n\n\n<p>Cabe mencionar que a trav\u00e9s de las \u00e1reas de Protecci\u00f3n Civil, Secretar\u00eda de Bienestar Social, Comisi\u00f3n Estatal de Suelo y Vivienda, DIF y Registro Civil, se brind\u00f3 el apoyo correspondiente, primero para salvaguardar su seguridad, posteriormente, se les llevaron materiales de construcci\u00f3n, alimentos, cobijas y ropa, adem\u00e1s de estar al pendientes de tramitar la documentaci\u00f3n que hayan perdido en el siniestro, mientras que el Gobierno Municipal apoy\u00f3 con labores de limpieza<\/p>\n","protected":false},"excerpt":{"rendered":"<p>Atienden afectaciones Protecci\u00f3n Civil, Sebised, Coesvi, DIF, Registro Civil y Gobierno Municipal. 04 de enero de 2024.- De manera inmediata las dependencias del gobierno de Esteban actuaron para brindar la ayuda\u00a0 necesaria a la familia que sufri\u00f3 el incendio de su vivienda en la colonia Arturo G\u00e1miz, las cuales acudieron a dicho lugar donde iniciaron&#8230;<\/p>\n","protected":false},"author":1,"featured_media":0,"comment_status":"open","ping_status":"open","sticky":false,"template":"","format":"standard","meta":{"footnotes":""},"categories":[1],"tags":[],"class_list":["post-1827","post","type-post","status-publish","format-standard","hentry","category-durango"],"_links":{"self":[{"href":"https:\/\/lagumex.mx\/index\/wp-json\/wp\/v2\/posts\/1827","targetHints":{"allow":["GET"]}}],"collection":[{"href":"https:\/\/lagumex.mx\/index\/wp-json\/wp\/v2\/posts"}],"about":[{"href":"https:\/\/lagumex.mx\/index\/wp-json\/wp\/v2\/types\/post"}],"author":[{"embeddable":true,"href":"https:\/\/lagumex.mx\/index\/wp-json\/wp\/v2\/users\/1"}],"replies":[{"embeddable":true,"href":"https:\/\/lagumex.mx\/index\/wp-json\/wp\/v2\/comments?post=1827"}],"version-history":[{"count":1,"href":"https:\/\/lagumex.mx\/index\/wp-json\/wp\/v2\/posts\/1827\/revisions"}],"predecessor-version":[{"id":1830,"href":"https:\/\/lagumex.mx\/index\/wp-json\/wp\/v2\/posts\/1827\/revisions\/1830"}],"wp:attachment":[{"href":"https:\/\/lagumex.mx\/index\/wp-json\/wp\/v2\/media?parent=1827"}],"wp:term":[{"taxonomy":"category","embeddable":true,"href":"https:\/\/lagumex.mx\/index\/wp-json\/wp\/v2\/categories?post=1827"},{"taxonomy":"post_tag","embeddable":true,"href":"https:\/\/lagumex.mx\/index\/wp-json\/wp\/v2\/tags?post=1827"}],"curies":[{"name":"wp","href":"https:\/\/api.w.org\/{rel}","templated":true}]}}