{"id":1816,"date":"2024-01-01T16:59:17","date_gmt":"2024-01-01T16:59:17","guid":{"rendered":"http:\/\/lagumex.mx\/index\/?p=1816"},"modified":"2024-01-16T17:12:06","modified_gmt":"2024-01-16T17:12:06","slug":"ya-necesitabamos-a-alguien-como-esteban-que-atendiera-y-resolviera-nuestras-necesidades-trabajadores-de-la-ssd","status":"publish","type":"post","link":"https:\/\/lagumex.mx\/index\/durango\/ya-necesitabamos-a-alguien-como-esteban-que-atendiera-y-resolviera-nuestras-necesidades-trabajadores-de-la-ssd\/","title":{"rendered":"Ya necesit\u00e1bamos a alguien como Esteban que atendiera y resolviera nuestras necesidades: trabajadores de la SSD"},"content":{"rendered":"\n<p>De la mano del Gobierno de Esteban trabajaremos por una atenci\u00f3n de calidad y calidez para los duranguenses, coinciden.<\/p>\n\n\n\n<p>01 de enero de 2024.-\u201cLos trabajadores de la Secretar\u00eda de Salud necesit\u00e1bamos a alguien como Esteban Villegas, que supiera del tema, pero sobre todo que fuera muy humano y que al lado tuviera una gran mujer como es Marisol, con ese coraz\u00f3n tan grande que nos motivan a echarle m\u00e1s ganas\u201d, expres\u00f3 Teresa Garc\u00eda Galindo, colaboradora del Patrimonio de la Beneficencia P\u00fablica de la Secretar\u00eda de Salud del Estado, durante la entrega de reconocimientos y est\u00edmulos econ\u00f3micos a quienes cumplieron desde 20 hasta 55 a\u00f1os en servicio.<\/p>\n\n\n\n<p>Sardel Ru\u00edz Garc\u00eda, dijo sentirse emocionada y feliz al formar parte de los galardonados; \u201cme siento contenta porque el Gobernador nos ha apoyado bastante, antes no se ve\u00eda esto y ahora ya podemos disfrutar nuestro salario\u201d, agreg\u00f3 al agradecer que por segundo a\u00f1o, las prestaciones decembrinas se les entregaron en tiempo y forma.<\/p>\n\n\n\n<p>\u201cNosotros damos lo mejor y un poco m\u00e1s en nuestra Secretar\u00eda, por eso, m\u00e1s all\u00e1 del pago quincenal, nos vemos recompensados con la salud de los pacientes\u201d, coincidieron Lorenzo Enrique Hidrogo Garc\u00eda y Mar\u00eda Irene Ochoa, que como personal m\u00e9dico, reconocieron que el Gobernador se preocupa por la salud y prueba de ello, es que desde que inici\u00f3 la administraci\u00f3n, ha estado al pendiente de resolver las necesidades de este sector.<\/p>\n\n\n\n<p>En este sentido, la enfermera Iyal\u00ed Rosales y la doctora Mar\u00eda Guadalupe Herrera Castro, reiteraron su compromiso para continuar trabajando en equipo y de cerca con el Gobierno de Esteban para que los duranguenses tengan una atenci\u00f3n de calidad y calidez.<\/p>\n","protected":false},"excerpt":{"rendered":"<p>De la mano del Gobierno de Esteban trabajaremos por una atenci\u00f3n de calidad y calidez para los duranguenses, coinciden. 01 de enero de 2024.-\u201cLos trabajadores de la Secretar\u00eda de Salud necesit\u00e1bamos a alguien como Esteban Villegas, que supiera del tema, pero sobre todo que fuera muy humano y que al lado tuviera una gran mujer&#8230;<\/p>\n","protected":false},"author":1,"featured_media":1817,"comment_status":"open","ping_status":"open","sticky":false,"template":"","format":"standard","meta":{"footnotes":""},"categories":[1],"tags":[],"class_list":["post-1816","post","type-post","status-publish","format-standard","has-post-thumbnail","hentry","category-durango"],"_links":{"self":[{"href":"https:\/\/lagumex.mx\/index\/wp-json\/wp\/v2\/posts\/1816","targetHints":{"allow":["GET"]}}],"collection":[{"href":"https:\/\/lagumex.mx\/index\/wp-json\/wp\/v2\/posts"}],"about":[{"href":"https:\/\/lagumex.mx\/index\/wp-json\/wp\/v2\/types\/post"}],"author":[{"embeddable":true,"href":"https:\/\/lagumex.mx\/index\/wp-json\/wp\/v2\/users\/1"}],"replies":[{"embeddable":true,"href":"https:\/\/lagumex.mx\/index\/wp-json\/wp\/v2\/comments?post=1816"}],"version-history":[{"count":3,"href":"https:\/\/lagumex.mx\/index\/wp-json\/wp\/v2\/posts\/1816\/revisions"}],"predecessor-version":[{"id":1820,"href":"https:\/\/lagumex.mx\/index\/wp-json\/wp\/v2\/posts\/1816\/revisions\/1820"}],"wp:featuredmedia":[{"embeddable":true,"href":"https:\/\/lagumex.mx\/index\/wp-json\/wp\/v2\/media\/1817"}],"wp:attachment":[{"href":"https:\/\/lagumex.mx\/index\/wp-json\/wp\/v2\/media?parent=1816"}],"wp:term":[{"taxonomy":"category","embeddable":true,"href":"https:\/\/lagumex.mx\/index\/wp-json\/wp\/v2\/categories?post=1816"},{"taxonomy":"post_tag","embeddable":true,"href":"https:\/\/lagumex.mx\/index\/wp-json\/wp\/v2\/tags?post=1816"}],"curies":[{"name":"wp","href":"https:\/\/api.w.org\/{rel}","templated":true}]}}