{"id":1810,"date":"2024-01-02T13:42:31","date_gmt":"2024-01-02T13:42:31","guid":{"rendered":"http:\/\/lagumex.mx\/index\/?p=1810"},"modified":"2024-01-05T13:43:23","modified_gmt":"2024-01-05T13:43:23","slug":"en-equipo-con-norma-trevino-piedras-negras-seguira-siendo-la-frontera-mas-segura-de-mexico-manolo","status":"publish","type":"post","link":"https:\/\/lagumex.mx\/index\/uncategorized\/uac\/uac-uac\/coahuila-coahuila\/en-equipo-con-norma-trevino-piedras-negras-seguira-siendo-la-frontera-mas-segura-de-mexico-manolo\/","title":{"rendered":"EN EQUIPO CON NORMA TREVI\u00d1O, PIEDRAS NEGRAS SEGUIR\u00c1 SIENDO LA FRONTERA M\u00c1S SEGURA DE M\u00c9XICO: MANOLO"},"content":{"rendered":"\n<p>Piedras Negras, Coahuila de Zaragoza; a 2 de enero de 2024.- El gobernador de Coahuila, Manolo Jim\u00e9nez Salinas felicit\u00f3 a las y los integrantes de los cuerpos de seguridad del estado en la conmemoraci\u00f3n del D\u00eda del Polic\u00eda, a quienes reconoci\u00f3 por su entrega,&nbsp;&nbsp;disciplina y amor por esta tierra.<\/p>\n\n\n\n<p>\u00abJunto con nuestra amiga Norma Trevi\u00f1o vamos a mantener a Piedras Negras como una de las ciudades m\u00e1s seguras del pa\u00eds y la frontera m\u00e1s segura de M\u00e9xico. Felicidades por esta entrega. Aprovecho para felicitar a todas las polic\u00edas municipales de nuestro estado y a la estatal hoy en el d\u00eda del Polic\u00eda. En seguridad ni un paso atr\u00e1s, puro pa\u2019delante\u00bb, apunt\u00f3.<\/p>\n\n\n\n<p>\u201cEn el d\u00eda del polic\u00eda, queremos celebrar y agradecer a las mujeres y hombres que dedican su vida a cuidar las de los dem\u00e1s.&nbsp;<\/p>\n\n\n\n<p>En agradecimiento a ellos, es que se hizo entrega de&nbsp;&nbsp;m\u00e1s equipamiento para que puedan desempe\u00f1arse mejor, as\u00ed como la obra del Centro de Comando y Control en Piedras Negras\u00bb, se\u00f1al\u00f3.<\/p>\n\n\n\n<p>Desde esta ciudad el Fiscal General del Estado, Gerardo M\u00e1rquez Guevara, junto a la alcaldesa Norma Trevi\u00f1o Galindo y representantes de corporaciones de seguridad, realiz\u00f3 el pase de revista a elementos policiacos y&nbsp;&nbsp;entrega de las llaves<\/p>\n\n\n\n<p>de 10 nuevas unidades Pick Up, de 60 chalecos bal\u00edsticos, con inversi\u00f3n en conjunto de 12 millones 400 mil pesos.<\/p>\n\n\n\n<p>M\u00e1rquez Guevara expres\u00f3 el reconocimiento a la labor que realizan, la cual, dijo, es determinante en los resultados de seguridad p\u00fablica y procuraci\u00f3n de justicia.<\/p>\n\n\n\n<p>Se\u00f1al\u00f3 que la capacitaci\u00f3n se encuentra ligada a la labor de inteligencia que dan como resultado la prevenci\u00f3n del delito en beneficio de las familias coahuilenses.<\/p>\n\n\n\n<p>Asimismo destac\u00f3 el trabajo de cada uno de los elementos en la preservaci\u00f3n de la seguridad.<\/p>\n\n\n\n<p>La presidenta municipal Norma Trevi\u00f1o Galindo, expres\u00f3 su agradecimiento al gobernador Manolo Jim\u00e9nez Salinas por incluir a Piedras Negras en las obras y acciones contempladas en los primeros 100 d\u00edas del Gobierno estatal.<\/p>\n\n\n\n<p>Reconoci\u00f3 a los polic\u00edas por su labor en beneficio de la ciudadan\u00eda.<\/p>\n\n\n\n<p>Reafirm\u00f3 el compromiso de continuar incentivando al cuerpo policial lo que contribuye a disminuir la incidencia delictiva.<\/p>\n\n\n\n<p>Adelant\u00f3 que anualmente se invertir\u00e1n 6 millones 200 mil pesos en este rubro.<\/p>\n\n\n\n<p>Trevi\u00f1o Galindo asegur\u00f3 que con apoyo del gobierno de Manolo Jim\u00e9nez se puso en operaci\u00f3n el C2 enlazado al sistema estatal de videovigilancia, donde se invirtieron recursos por 15 millones de pesos entre estado y municipio.<\/p>\n\n\n\n<p>Adicionalmente, con inversi\u00f3n de 1 mill\u00f3n 200 mil pesos se hizo entrega de uniformes a los polic\u00edas.<\/p>\n\n\n\n<p>Por su parte, Abel Ayala Flores, presidente del Consejo de Desarrollo Econ\u00f3mico, manifest\u00f3 que desde el 2 de enero de 1927 se conmemora el D\u00eda del Polic\u00eda.<\/p>\n\n\n\n<p>\u201cHoy se pone de relieve el compromiso, entrega y en ocasiones, el alto riesgo al que se exponen las corporaciones de seguridad\u201d, dijo.<\/p>\n\n\n\n<p>Destac\u00f3 la importancia de la profesionalizaci\u00f3n de los elementos policiacos. \u201dEn Coahuila la seguridad se construye desde la base local, con una coordinaci\u00f3n efectiva con el Estado y Federaci\u00f3n\u201d, expuso.<\/p>\n\n\n\n<p>\u201cReconocemos al gobernador Manolo Jim\u00e9nez y a la presidenta municipal, por invertir en seguridad\u201d.<\/p>\n\n\n\n<p>Se\u00f1al\u00f3 que en&nbsp;&nbsp;5 semanas han constatado el compromiso del gobernador en la seguridad y perciben que su inter\u00e9s primordial es mantener seguras a las familias coahuilenses.&nbsp;<\/p>\n","protected":false},"excerpt":{"rendered":"<p>Piedras Negras, Coahuila de Zaragoza; a 2 de enero de 2024.- El gobernador de Coahuila, Manolo Jim\u00e9nez Salinas felicit\u00f3 a las y los integrantes de los cuerpos de seguridad del estado en la conmemoraci\u00f3n del D\u00eda del Polic\u00eda, a quienes reconoci\u00f3 por su entrega,&nbsp;&nbsp;disciplina y amor por esta tierra. \u00abJunto con nuestra amiga Norma Trevi\u00f1o&#8230;<\/p>\n","protected":false},"author":1,"featured_media":1811,"comment_status":"open","ping_status":"open","sticky":false,"template":"","format":"standard","meta":{"footnotes":""},"categories":[2],"tags":[],"class_list":["post-1810","post","type-post","status-publish","format-standard","has-post-thumbnail","hentry","category-coahuila-coahuila"],"_links":{"self":[{"href":"https:\/\/lagumex.mx\/index\/wp-json\/wp\/v2\/posts\/1810","targetHints":{"allow":["GET"]}}],"collection":[{"href":"https:\/\/lagumex.mx\/index\/wp-json\/wp\/v2\/posts"}],"about":[{"href":"https:\/\/lagumex.mx\/index\/wp-json\/wp\/v2\/types\/post"}],"author":[{"embeddable":true,"href":"https:\/\/lagumex.mx\/index\/wp-json\/wp\/v2\/users\/1"}],"replies":[{"embeddable":true,"href":"https:\/\/lagumex.mx\/index\/wp-json\/wp\/v2\/comments?post=1810"}],"version-history":[{"count":1,"href":"https:\/\/lagumex.mx\/index\/wp-json\/wp\/v2\/posts\/1810\/revisions"}],"predecessor-version":[{"id":1812,"href":"https:\/\/lagumex.mx\/index\/wp-json\/wp\/v2\/posts\/1810\/revisions\/1812"}],"wp:featuredmedia":[{"embeddable":true,"href":"https:\/\/lagumex.mx\/index\/wp-json\/wp\/v2\/media\/1811"}],"wp:attachment":[{"href":"https:\/\/lagumex.mx\/index\/wp-json\/wp\/v2\/media?parent=1810"}],"wp:term":[{"taxonomy":"category","embeddable":true,"href":"https:\/\/lagumex.mx\/index\/wp-json\/wp\/v2\/categories?post=1810"},{"taxonomy":"post_tag","embeddable":true,"href":"https:\/\/lagumex.mx\/index\/wp-json\/wp\/v2\/tags?post=1810"}],"curies":[{"name":"wp","href":"https:\/\/api.w.org\/{rel}","templated":true}]}}