{"id":1801,"date":"2023-12-31T05:03:00","date_gmt":"2023-12-31T05:03:00","guid":{"rendered":"http:\/\/lagumex.mx\/index\/?p=1801"},"modified":"2024-01-04T05:06:15","modified_gmt":"2024-01-04T05:06:15","slug":"2023-fue-un-gran-ano-para-durango-y-en-2024-estara-en-el-lugar-que-merece-esteban","status":"publish","type":"post","link":"https:\/\/lagumex.mx\/index\/durango\/2023-fue-un-gran-ano-para-durango-y-en-2024-estara-en-el-lugar-que-merece-esteban\/","title":{"rendered":"2023 fue un gran a\u00f1o para Durango, y en 2024 estar\u00e1 en el lugar que merece: Esteban"},"content":{"rendered":"\n<p>31 de diciembre de 2023.- En 2023 estabilizamos a nuestro estado, reconstruimos la esperanza, el orgullo duranguense y establecimos las bases para que el pr\u00f3ximo a\u00f1o lleguen grandes proyectos.<\/p>\n\n\n\n<p>El 2024 va a ser el a\u00f1o en el que Durango se colocar\u00e1 donde debi\u00f3 estar desde hace mucho tiempo, asegur\u00f3 el gobernador Esteban Villegas, quien junto a su esposa Marisol Rosso, desearon a todos los duranguenses un Feliz A\u00f1o Nuevo, lleno de paz, alegr\u00eda y unidad.<\/p>\n","protected":false},"excerpt":{"rendered":"<p>31 de diciembre de 2023.- En 2023 estabilizamos a nuestro estado, reconstruimos la esperanza, el orgullo duranguense y establecimos las bases para que el pr\u00f3ximo a\u00f1o lleguen grandes proyectos. El 2024 va a ser el a\u00f1o en el que Durango se colocar\u00e1 donde debi\u00f3 estar desde hace mucho tiempo, asegur\u00f3 el gobernador Esteban Villegas, quien&#8230;<\/p>\n","protected":false},"author":1,"featured_media":1802,"comment_status":"open","ping_status":"open","sticky":false,"template":"","format":"standard","meta":{"footnotes":""},"categories":[1],"tags":[],"class_list":["post-1801","post","type-post","status-publish","format-standard","has-post-thumbnail","hentry","category-durango"],"_links":{"self":[{"href":"https:\/\/lagumex.mx\/index\/wp-json\/wp\/v2\/posts\/1801","targetHints":{"allow":["GET"]}}],"collection":[{"href":"https:\/\/lagumex.mx\/index\/wp-json\/wp\/v2\/posts"}],"about":[{"href":"https:\/\/lagumex.mx\/index\/wp-json\/wp\/v2\/types\/post"}],"author":[{"embeddable":true,"href":"https:\/\/lagumex.mx\/index\/wp-json\/wp\/v2\/users\/1"}],"replies":[{"embeddable":true,"href":"https:\/\/lagumex.mx\/index\/wp-json\/wp\/v2\/comments?post=1801"}],"version-history":[{"count":1,"href":"https:\/\/lagumex.mx\/index\/wp-json\/wp\/v2\/posts\/1801\/revisions"}],"predecessor-version":[{"id":1803,"href":"https:\/\/lagumex.mx\/index\/wp-json\/wp\/v2\/posts\/1801\/revisions\/1803"}],"wp:featuredmedia":[{"embeddable":true,"href":"https:\/\/lagumex.mx\/index\/wp-json\/wp\/v2\/media\/1802"}],"wp:attachment":[{"href":"https:\/\/lagumex.mx\/index\/wp-json\/wp\/v2\/media?parent=1801"}],"wp:term":[{"taxonomy":"category","embeddable":true,"href":"https:\/\/lagumex.mx\/index\/wp-json\/wp\/v2\/categories?post=1801"},{"taxonomy":"post_tag","embeddable":true,"href":"https:\/\/lagumex.mx\/index\/wp-json\/wp\/v2\/tags?post=1801"}],"curies":[{"name":"wp","href":"https:\/\/api.w.org\/{rel}","templated":true}]}}